{"id":7431,"date":"2019-06-17T11:52:56","date_gmt":"2019-06-17T11:52:56","guid":{"rendered":"http:\/\/sobedrj.com.br\/novo\/?p=7431"},"modified":"2019-06-17T19:41:41","modified_gmt":"2019-06-17T19:41:41","slug":"svs-lanca-a-3a-edicao-do-guia-de-vigilancia-em-saude","status":"publish","type":"post","link":"https:\/\/sobedrj.com.br\/novo\/2019\/06\/17\/svs-lanca-a-3a-edicao-do-guia-de-vigilancia-em-saude\/","title":{"rendered":"SVS lan\u00e7a a 3\u00aa edi\u00e7\u00e3o do Guia de Vigil\u00e2ncia em Sa\u00fade"},"content":{"rendered":"<p>fonte: Minist\u00e9rio da Sa\u00fade<\/p>\n<p>Profissionais de sa\u00fade j\u00e1 podem acessar a nova vers\u00e3o do\u00a0<a href=\"http:\/\/bvsms.saude.gov.br\/bvs\/publicacoes\/guia_vigilancia_saude_volume_unico_3ed.pdf\" target=\"_blank\" rel=\"noopener\">Guia de Vigil\u00e2ncia em Sa\u00fade (GVS)<\/a>. A 3\u00aa edi\u00e7\u00e3o da publica\u00e7\u00e3o se alinha aos novos desafios e estrat\u00e9gias de vigil\u00e2ncia, preven\u00e7\u00e3o e controle das doen\u00e7as e agravos de import\u00e2ncia de Sa\u00fade P\u00fablica e atualiza as recomenda\u00e7\u00f5es relacionadas \u00e0s a\u00e7\u00f5es de vigil\u00e2ncia em sa\u00fade presentes na Lista Nacional de Notifica\u00e7\u00e3o Compuls\u00f3ria de Doen\u00e7as, Agravos e Eventos de sa\u00fade P\u00fablica, unificada pela Portaria de Consolida\u00e7\u00e3o n\u00ba 4, de 28 de setembro de 2017. O Guia \u00e9 editado pela Secretaria de Vigil\u00e2ncia em Sa\u00fade do Minist\u00e9rio da Sa\u00fade (SVS\/MS).<\/p>\n<p>O Guia de Vigil\u00e2ncia em Sa\u00fade visa disseminar os procedimentos relativos aos fluxos, prazos, instrumentos, defini\u00e7\u00f5es de casos suspeitos e confirmados, funcionamento dos sistemas de informa\u00e7\u00e3o em sa\u00fade, condutas, medidas de controle e demais diretrizes t\u00e9cnicas para operacionaliza\u00e7\u00e3o do Sistema Nacional de Vigil\u00e2ncia em Sa\u00fade. Para a revis\u00e3o e atualiza\u00e7\u00e3o destes procedimentos foram considerados o atual cen\u00e1rio epidemiol\u00f3gico do pa\u00eds, o conhecimento cient\u00edfico dispon\u00edvel e as novas tecnologias incorporadas pelo SUS \u00e0s a\u00e7\u00f5es de vigil\u00e2ncia, preven\u00e7\u00e3o e controle de doen\u00e7as e eventos de import\u00e2ncia para a Sa\u00fade P\u00fablica.<\/p>\n<p>Nesta 3\u00aa edi\u00e7\u00e3o, passaram por atualiza\u00e7\u00f5es substanciais os cap\u00edtulos sobre febre amarela; dengue, chikungunya e Zika; sarampo; s\u00edfilis cong\u00eanita; s\u00edfilis adquirida e em gestante; rub\u00e9ola; s\u00edndrome da rub\u00e9ola cong\u00eanita; hepatites virais; infec\u00e7\u00e3o pelo HIV e aids. Outras pequenas atualiza\u00e7\u00f5es foram realizadas nos cap\u00edtulos de t\u00e9tano acidental; febre do Nilo Ocidental, difteria; caxumba; varicela; doen\u00e7a de Chagas; raiva; difteria; t\u00e9tano; coqueluche; doen\u00e7as diarreicas agudas; febre tifoide; influenza; doen\u00e7a meningoc\u00f3cica; outras meningites; poliomielite, acidentes por animais pe\u00e7onhentos; hansen\u00edase e tuberculose.<\/p>\n<p>Espera-se que o GVS dissemine as informa\u00e7\u00f5es que possam contribuir para o aprimoramento das pr\u00e1ticas da vigil\u00e2ncia em sa\u00fade, de forma integrada aos servi\u00e7os de sa\u00fade, em todos os munic\u00edpios do pa\u00eds.<\/p>\n","protected":false},"excerpt":{"rendered":"<p>fonte: Minist\u00e9rio da Sa\u00fade Profissionais de sa\u00fade j\u00e1 podem acessar a nova vers\u00e3o do\u00a0Guia de Vigil\u00e2ncia em Sa\u00fade (GVS). A 3\u00aa edi\u00e7\u00e3o da publica\u00e7\u00e3o se alinha aos novos desafios e estrat\u00e9gias de vigil\u00e2ncia, preven\u00e7\u00e3o e controle das doen\u00e7as e agravos de import\u00e2ncia de Sa\u00fade P\u00fablica e atualiza as recomenda\u00e7\u00f5es relacionadas \u00e0s a\u00e7\u00f5es de vigil\u00e2ncia em [&hellip;]<\/p>\n","protected":false},"author":1,"featured_media":7432,"comment_status":"closed","ping_status":"open","sticky":false,"template":"","format":"standard","meta":{"ngg_post_thumbnail":0,"footnotes":""},"categories":[2],"tags":[],"class_list":["post-7431","post","type-post","status-publish","format-standard","has-post-thumbnail","hentry","category-noticias"],"aioseo_notices":[],"gutentor_comment":0,"_links":{"self":[{"href":"https:\/\/sobedrj.com.br\/novo\/wp-json\/wp\/v2\/posts\/7431","targetHints":{"allow":["GET"]}}],"collection":[{"href":"https:\/\/sobedrj.com.br\/novo\/wp-json\/wp\/v2\/posts"}],"about":[{"href":"https:\/\/sobedrj.com.br\/novo\/wp-json\/wp\/v2\/types\/post"}],"author":[{"embeddable":true,"href":"https:\/\/sobedrj.com.br\/novo\/wp-json\/wp\/v2\/users\/1"}],"replies":[{"embeddable":true,"href":"https:\/\/sobedrj.com.br\/novo\/wp-json\/wp\/v2\/comments?post=7431"}],"version-history":[{"count":1,"href":"https:\/\/sobedrj.com.br\/novo\/wp-json\/wp\/v2\/posts\/7431\/revisions"}],"predecessor-version":[{"id":7433,"href":"https:\/\/sobedrj.com.br\/novo\/wp-json\/wp\/v2\/posts\/7431\/revisions\/7433"}],"wp:featuredmedia":[{"embeddable":true,"href":"https:\/\/sobedrj.com.br\/novo\/wp-json\/wp\/v2\/media\/7432"}],"wp:attachment":[{"href":"https:\/\/sobedrj.com.br\/novo\/wp-json\/wp\/v2\/media?parent=7431"}],"wp:term":[{"taxonomy":"category","embeddable":true,"href":"https:\/\/sobedrj.com.br\/novo\/wp-json\/wp\/v2\/categories?post=7431"},{"taxonomy":"post_tag","embeddable":true,"href":"https:\/\/sobedrj.com.br\/novo\/wp-json\/wp\/v2\/tags?post=7431"}],"curies":[{"name":"wp","href":"https:\/\/api.w.org\/{rel}","templated":true}]}}