{"id":7456,"date":"2019-06-24T14:29:28","date_gmt":"2019-06-24T14:29:28","guid":{"rendered":"http:\/\/sobedrj.com.br\/novo\/?p=7456"},"modified":"2019-07-01T11:55:51","modified_gmt":"2019-07-01T11:55:51","slug":"confira-a-programacao-cientifica-da-sobed-rj-no-2o-semestre","status":"publish","type":"post","link":"https:\/\/sobedrj.com.br\/novo\/2019\/06\/24\/confira-a-programacao-cientifica-da-sobed-rj-no-2o-semestre\/","title":{"rendered":"Confira a programa\u00e7\u00e3o cient\u00edfica da SOBED-RJ no 2\u00ba semestre"},"content":{"rendered":"<p>As atividades cient\u00edficas da SOBED-RJ neste primeiro semestre se encerraram no s\u00e1bado, dia 14, com a sess\u00e3o sobre Oncologia Molecular na pr\u00e1tica endosc\u00f3pica (<a href=\"http:\/\/sobedrj.com.br\/novo\/2019\/06\/saiba-como-foi-a-sessao-cientifica-de-junho-que-abordou-oncologia-molecular-na-pratica-endoscopica\/\">saiba como foi<\/a>).<\/p>\n<p>Com isso, nossas reuni\u00f5es e oficinas cient\u00edficas retornam no dia 12 de agosto, segunda-feira, abordando\u00a0Tumor neuroend\u00f3crino do trato digest\u00f3rio.<\/p>\n<p>CONFIRA A PROGRAMA\u00c7\u00c3O CIENT\u00cdFICA DO 2\u00ba SEMESTRE<\/p>\n<p style=\"text-align: center;\"><a href=\"http:\/\/sobedrj.com.br\/novo\/wp-content\/uploads\/2019\/06\/jun_programacao-1.png\" rel=\"lightbox[7456]\"><img loading=\"lazy\" decoding=\"async\" class=\"aligncenter size-full wp-image-7516\" src=\"http:\/\/sobedrj.com.br\/novo\/wp-content\/uploads\/2019\/06\/jun_programacao-1.png\" alt=\"\" width=\"600\" height=\"600\" srcset=\"https:\/\/sobedrj.com.br\/novo\/wp-content\/uploads\/2019\/06\/jun_programacao-1.png 600w, https:\/\/sobedrj.com.br\/novo\/wp-content\/uploads\/2019\/06\/jun_programacao-1-150x150.png 150w, https:\/\/sobedrj.com.br\/novo\/wp-content\/uploads\/2019\/06\/jun_programacao-1-300x300.png 300w\" sizes=\"auto, (max-width: 600px) 100vw, 600px\" \/><\/a><\/p>\n","protected":false},"excerpt":{"rendered":"<p>As atividades cient\u00edficas da SOBED-RJ neste primeiro semestre se encerraram no s\u00e1bado, dia 14, com a sess\u00e3o sobre Oncologia Molecular na pr\u00e1tica endosc\u00f3pica (saiba como foi). Com isso, nossas reuni\u00f5es e oficinas cient\u00edficas retornam no dia 12 de agosto, segunda-feira, abordando\u00a0Tumor neuroend\u00f3crino do trato digest\u00f3rio. CONFIRA A PROGRAMA\u00c7\u00c3O CIENT\u00cdFICA DO 2\u00ba SEMESTRE<\/p>\n","protected":false},"author":1,"featured_media":7516,"comment_status":"closed","ping_status":"open","sticky":false,"template":"","format":"standard","meta":{"ngg_post_thumbnail":0,"footnotes":""},"categories":[2],"tags":[],"class_list":["post-7456","post","type-post","status-publish","format-standard","has-post-thumbnail","hentry","category-noticias"],"aioseo_notices":[],"gutentor_comment":0,"_links":{"self":[{"href":"https:\/\/sobedrj.com.br\/novo\/wp-json\/wp\/v2\/posts\/7456","targetHints":{"allow":["GET"]}}],"collection":[{"href":"https:\/\/sobedrj.com.br\/novo\/wp-json\/wp\/v2\/posts"}],"about":[{"href":"https:\/\/sobedrj.com.br\/novo\/wp-json\/wp\/v2\/types\/post"}],"author":[{"embeddable":true,"href":"https:\/\/sobedrj.com.br\/novo\/wp-json\/wp\/v2\/users\/1"}],"replies":[{"embeddable":true,"href":"https:\/\/sobedrj.com.br\/novo\/wp-json\/wp\/v2\/comments?post=7456"}],"version-history":[{"count":3,"href":"https:\/\/sobedrj.com.br\/novo\/wp-json\/wp\/v2\/posts\/7456\/revisions"}],"predecessor-version":[{"id":7517,"href":"https:\/\/sobedrj.com.br\/novo\/wp-json\/wp\/v2\/posts\/7456\/revisions\/7517"}],"wp:featuredmedia":[{"embeddable":true,"href":"https:\/\/sobedrj.com.br\/novo\/wp-json\/wp\/v2\/media\/7516"}],"wp:attachment":[{"href":"https:\/\/sobedrj.com.br\/novo\/wp-json\/wp\/v2\/media?parent=7456"}],"wp:term":[{"taxonomy":"category","embeddable":true,"href":"https:\/\/sobedrj.com.br\/novo\/wp-json\/wp\/v2\/categories?post=7456"},{"taxonomy":"post_tag","embeddable":true,"href":"https:\/\/sobedrj.com.br\/novo\/wp-json\/wp\/v2\/tags?post=7456"}],"curies":[{"name":"wp","href":"https:\/\/api.w.org\/{rel}","templated":true}]}}