{"id":7478,"date":"2019-06-24T10:55:11","date_gmt":"2019-06-24T10:55:11","guid":{"rendered":"http:\/\/sobedrj.com.br\/novo\/?p=7478"},"modified":"2019-06-24T18:00:36","modified_gmt":"2019-06-24T18:00:36","slug":"cremerj-emite-parecer-sobre-autonomia-profissional","status":"publish","type":"post","link":"https:\/\/sobedrj.com.br\/novo\/2019\/06\/24\/cremerj-emite-parecer-sobre-autonomia-profissional\/","title":{"rendered":"CREMERJ emite parecer sobre autonomia profissional"},"content":{"rendered":"<p>fonte: CREMERJ<\/p>\n<p>O Conselho Regional de Medicina do Estado do Rio de Janeiro (CREMERJ) emitiu parecer sobre autonomia profissional dos m\u00e9dicos conveniados \u00e0s operadoras de planos de sa\u00fade quanto \u00e0 escolha dos meios diagn\u00f3sticos e terap\u00eauticos, bem como de seus auxiliares.<\/p>\n<p>O documento esclarece que as operadoras de planos de sa\u00fade n\u00e3o podem punir ou realizar descontos na remunera\u00e7\u00e3o dos m\u00e9dicos conveniados pelas escolhas feitas por eles. E tamb\u00e9m dos meios a serem praticados para estabelecer o diagn\u00f3stico e executar o tratamento de seus pacientes, sob pena de restringirem a autonomia m\u00e9dica. Estas escolhas dizem respeito n\u00e3o somente aos exames e procedimentos, mas tamb\u00e9m aos outros profissionais, escolhidos por eles, para os auxiliarem.<\/p>\n<p>\u201cO C\u00f3digo de \u00c9tica M\u00e9dica diz que o m\u00e9dico n\u00e3o pode renunciar \u00e0 sua liberdade profissional, nem permitir quaisquer restri\u00e7\u00f5es ou imposi\u00e7\u00f5es interfiram nas escolhas quanto ao diagn\u00f3stico e o tratamento sugerido, salvo quando em benef\u00edcio do paciente. As operadoras e as cooperativas n\u00e3o podem influenciar o ato m\u00e9dico\u201d, explicou o diretor do CREMERJ Lu\u00eds Guilherme dos Santos.<\/p>\n<p><a href=\"http:\/\/old.cremerj.org.br\/downloads\/932.PDF\">Leia aqui<\/a>\u00a0a \u00edntegra do documento<\/p>\n","protected":false},"excerpt":{"rendered":"<p>fonte: CREMERJ O Conselho Regional de Medicina do Estado do Rio de Janeiro (CREMERJ) emitiu parecer sobre autonomia profissional dos m\u00e9dicos conveniados \u00e0s operadoras de planos de sa\u00fade quanto \u00e0 escolha dos meios diagn\u00f3sticos e terap\u00eauticos, bem como de seus auxiliares. O documento esclarece que as operadoras de planos de sa\u00fade n\u00e3o podem punir ou [&hellip;]<\/p>\n","protected":false},"author":1,"featured_media":503,"comment_status":"closed","ping_status":"open","sticky":false,"template":"","format":"standard","meta":{"ngg_post_thumbnail":0,"footnotes":""},"categories":[2],"tags":[],"class_list":["post-7478","post","type-post","status-publish","format-standard","has-post-thumbnail","hentry","category-noticias"],"aioseo_notices":[],"gutentor_comment":0,"_links":{"self":[{"href":"https:\/\/sobedrj.com.br\/novo\/wp-json\/wp\/v2\/posts\/7478","targetHints":{"allow":["GET"]}}],"collection":[{"href":"https:\/\/sobedrj.com.br\/novo\/wp-json\/wp\/v2\/posts"}],"about":[{"href":"https:\/\/sobedrj.com.br\/novo\/wp-json\/wp\/v2\/types\/post"}],"author":[{"embeddable":true,"href":"https:\/\/sobedrj.com.br\/novo\/wp-json\/wp\/v2\/users\/1"}],"replies":[{"embeddable":true,"href":"https:\/\/sobedrj.com.br\/novo\/wp-json\/wp\/v2\/comments?post=7478"}],"version-history":[{"count":1,"href":"https:\/\/sobedrj.com.br\/novo\/wp-json\/wp\/v2\/posts\/7478\/revisions"}],"predecessor-version":[{"id":7479,"href":"https:\/\/sobedrj.com.br\/novo\/wp-json\/wp\/v2\/posts\/7478\/revisions\/7479"}],"wp:featuredmedia":[{"embeddable":true,"href":"https:\/\/sobedrj.com.br\/novo\/wp-json\/wp\/v2\/media\/503"}],"wp:attachment":[{"href":"https:\/\/sobedrj.com.br\/novo\/wp-json\/wp\/v2\/media?parent=7478"}],"wp:term":[{"taxonomy":"category","embeddable":true,"href":"https:\/\/sobedrj.com.br\/novo\/wp-json\/wp\/v2\/categories?post=7478"},{"taxonomy":"post_tag","embeddable":true,"href":"https:\/\/sobedrj.com.br\/novo\/wp-json\/wp\/v2\/tags?post=7478"}],"curies":[{"name":"wp","href":"https:\/\/api.w.org\/{rel}","templated":true}]}}