{"id":7480,"date":"2019-06-24T12:57:26","date_gmt":"2019-06-24T12:57:26","guid":{"rendered":"http:\/\/sobedrj.com.br\/novo\/?p=7480"},"modified":"2019-06-24T18:00:28","modified_gmt":"2019-06-24T18:00:28","slug":"bate-bola-sobed-sobre-esofago-de-barret-no-dia-1o","status":"publish","type":"post","link":"https:\/\/sobedrj.com.br\/novo\/2019\/06\/24\/bate-bola-sobed-sobre-esofago-de-barret-no-dia-1o\/","title":{"rendered":"Bate-bola SOBED sobre Es\u00f4fago de Barret no dia 1\u00ba"},"content":{"rendered":"<p>fonte: SOBED<\/p>\n<p style=\"font-weight: 400;\">Na segunda-feira (1\u00ba\/07), \u00e0s 20 horas, acontece o Bate-bola SOBED #2. No programa, os &#8220;craques&#8221; da endoscopia Dr. Edson Ide,\u00a0Dr. Sergio Szachnowicz\u00a0e Dr. Fauze Maluf-Filho debatem \u201cEs\u00f4fago de Barrett\u201d.<\/p>\n<p style=\"font-weight: 400;\">Segundo o Maluf-Filho, presidente da Comiss\u00e3o Cient\u00edfica da SOBED, ainda que seja uma patologia rara no Brasil, o Es\u00f4fago de Barrett \u00e9 uma condi\u00e7\u00e3o que aumenta o risco para o adenocarcinoma esof\u00e1gico, cuja incid\u00eancia tem crescido no ocidente.<\/p>\n<p style=\"font-weight: 400;\">\u201cEst\u00e1 nas m\u00e3os de n\u00f3s endoscopistas o diagn\u00f3stico dessa afec\u00e7\u00e3o, bem como das complica\u00e7\u00f5es, como a displasia e o adenocarcinoma. Nesse Bate-bola a gente espera discutir os conceitos mais definidos e os avan\u00e7os mais recentes, e discutir com a plateia d\u00favidas que possam surgir\u201d, diz o m\u00e9dico endoscopista.<\/p>\n<p style=\"font-weight: 400;\">O Bate-bola SOBED #2 tem transmiss\u00e3o ao vivo, no canal da Sociedade no Youtube. Olho no lance!<\/p>\n","protected":false},"excerpt":{"rendered":"<p>fonte: SOBED Na segunda-feira (1\u00ba\/07), \u00e0s 20 horas, acontece o Bate-bola SOBED #2. No programa, os &#8220;craques&#8221; da endoscopia Dr. Edson Ide,\u00a0Dr. Sergio Szachnowicz\u00a0e Dr. Fauze Maluf-Filho debatem \u201cEs\u00f4fago de Barrett\u201d. Segundo o Maluf-Filho, presidente da Comiss\u00e3o Cient\u00edfica da SOBED, ainda que seja uma patologia rara no Brasil, o Es\u00f4fago de Barrett \u00e9 uma condi\u00e7\u00e3o [&hellip;]<\/p>\n","protected":false},"author":1,"featured_media":7481,"comment_status":"closed","ping_status":"open","sticky":false,"template":"","format":"standard","meta":{"ngg_post_thumbnail":0,"footnotes":""},"categories":[2],"tags":[],"class_list":["post-7480","post","type-post","status-publish","format-standard","has-post-thumbnail","hentry","category-noticias"],"aioseo_notices":[],"gutentor_comment":0,"_links":{"self":[{"href":"https:\/\/sobedrj.com.br\/novo\/wp-json\/wp\/v2\/posts\/7480","targetHints":{"allow":["GET"]}}],"collection":[{"href":"https:\/\/sobedrj.com.br\/novo\/wp-json\/wp\/v2\/posts"}],"about":[{"href":"https:\/\/sobedrj.com.br\/novo\/wp-json\/wp\/v2\/types\/post"}],"author":[{"embeddable":true,"href":"https:\/\/sobedrj.com.br\/novo\/wp-json\/wp\/v2\/users\/1"}],"replies":[{"embeddable":true,"href":"https:\/\/sobedrj.com.br\/novo\/wp-json\/wp\/v2\/comments?post=7480"}],"version-history":[{"count":1,"href":"https:\/\/sobedrj.com.br\/novo\/wp-json\/wp\/v2\/posts\/7480\/revisions"}],"predecessor-version":[{"id":7482,"href":"https:\/\/sobedrj.com.br\/novo\/wp-json\/wp\/v2\/posts\/7480\/revisions\/7482"}],"wp:featuredmedia":[{"embeddable":true,"href":"https:\/\/sobedrj.com.br\/novo\/wp-json\/wp\/v2\/media\/7481"}],"wp:attachment":[{"href":"https:\/\/sobedrj.com.br\/novo\/wp-json\/wp\/v2\/media?parent=7480"}],"wp:term":[{"taxonomy":"category","embeddable":true,"href":"https:\/\/sobedrj.com.br\/novo\/wp-json\/wp\/v2\/categories?post=7480"},{"taxonomy":"post_tag","embeddable":true,"href":"https:\/\/sobedrj.com.br\/novo\/wp-json\/wp\/v2\/tags?post=7480"}],"curies":[{"name":"wp","href":"https:\/\/api.w.org\/{rel}","templated":true}]}}