{"id":7483,"date":"2019-06-25T09:21:08","date_gmt":"2019-06-25T09:21:08","guid":{"rendered":"http:\/\/sobedrj.com.br\/novo\/?p=7483"},"modified":"2019-06-25T09:21:08","modified_gmt":"2019-06-25T09:21:08","slug":"cremerj-entra-com-acao-contra-prefeitura-do-rio","status":"publish","type":"post","link":"https:\/\/sobedrj.com.br\/novo\/2019\/06\/25\/cremerj-entra-com-acao-contra-prefeitura-do-rio\/","title":{"rendered":"CREMERJ entra com a\u00e7\u00e3o contra Prefeitura do Rio"},"content":{"rendered":"<p>fonte: CREMERJ<\/p>\n<p>O CREMERJ ingressa com a\u00e7\u00e3o judicial contra o concurso p\u00fablico da prefeitura do Rio de Janeiro para o cargo de m\u00e9dico, divulgado no \u00faltimo dia 19, devido aos baixos sal\u00e1rios oferecidos. O certame contempla 29 especialidades m\u00e9dicas, totalizando 900 vagas, com remunera\u00e7\u00e3o b\u00e1sica de R$ 2.323,39, que acrescenta uma gratifica\u00e7\u00e3o de insalubridade no valor de R$ 464,69 e aux\u00edlio transporte de R$178,20, por 24 horas trabalhadas.<\/p>\n<p>A a\u00e7\u00e3o do CREMERJ contra a prefeitura requer que seja respeitado o piso da categoria, que \u00e9 de R$ 14.619,39 por 20 horas para a categoria m\u00e9dica, em obedi\u00eancia \u00e0 Constitui\u00e7\u00e3o do Estado do Rio de Janeiro.<\/p>\n<p>Outro ponto cr\u00edtico \u00e9 que o concurso exclui vagas para as \u00e1reas de pneumologia e tisiologia, que s\u00e3o extremamente necess\u00e1rias no sistema p\u00fablico de sa\u00fade.<\/p>\n<p>O CREMERJ tamb\u00e9m chama a aten\u00e7\u00e3o para o concurso p\u00fablico que a prefeitura do Rio de Janeiro realizou em 2013 para m\u00e9dicos. Os profissionais ainda aguardam serem convocados para assumirem seus postos. Esta situa\u00e7\u00e3o, inclusive, foi determinada pela Justi\u00e7a, em maio deste ano. Na \u00e9poca, a a\u00e7\u00e3o civil foi movida pelo Minist\u00e9rio P\u00fablico do Estado do Rio de Janeiro, sob a alega\u00e7\u00e3o de que o munic\u00edpio do Rio optou por medidas paliativas e emergenciais, em vez de chamar os aprovados.<\/p>\n<p>Para o CREMERJ, o concurso proposto pela prefeitura do Rio de Janeiro mostra uma desvaloriza\u00e7\u00e3o com o profissional m\u00e9dico e com a sa\u00fade p\u00fablica, uma vez que tal remunera\u00e7\u00e3o n\u00e3o \u00e9 sequer competitiva, refor\u00e7ando o desinteresse pelo certame e a alta rotatividade por parte dos aprovados.<\/p>\n<p>O Conselho tamb\u00e9m considera inadequada a realiza\u00e7\u00e3o de um concurso p\u00fablico neste momento, j\u00e1 que a prefeitura deve convocar aprovados do certame de 2013, seguindo decis\u00e3o judicial.<\/p>\n<p>O CREMERJ ainda afirma que \u00e9 totalmente favor\u00e1vel \u00e0 realiza\u00e7\u00e3o de concursos p\u00fablicos para m\u00e9dicos, desde que sejam coerentes, al\u00e9m de compat\u00edveis com o mercado e a valoriza\u00e7\u00e3o profissional.<\/p>\n<p>&#8220;\u00c9 preciso implementar um Plano de Cargos e Sal\u00e1rios para que casos como este n\u00e3o venham a acontecer&#8221;, destaca o presidente do CREMERJ, Sylvio Provenzano.<\/p>\n","protected":false},"excerpt":{"rendered":"<p>fonte: CREMERJ O CREMERJ ingressa com a\u00e7\u00e3o judicial contra o concurso p\u00fablico da prefeitura do Rio de Janeiro para o cargo de m\u00e9dico, divulgado no \u00faltimo dia 19, devido aos baixos sal\u00e1rios oferecidos. O certame contempla 29 especialidades m\u00e9dicas, totalizando 900 vagas, com remunera\u00e7\u00e3o b\u00e1sica de R$ 2.323,39, que acrescenta uma gratifica\u00e7\u00e3o de insalubridade no [&hellip;]<\/p>\n","protected":false},"author":1,"featured_media":0,"comment_status":"closed","ping_status":"open","sticky":false,"template":"","format":"standard","meta":{"ngg_post_thumbnail":0,"footnotes":""},"categories":[2],"tags":[],"class_list":["post-7483","post","type-post","status-publish","format-standard","hentry","category-noticias"],"aioseo_notices":[],"gutentor_comment":0,"_links":{"self":[{"href":"https:\/\/sobedrj.com.br\/novo\/wp-json\/wp\/v2\/posts\/7483","targetHints":{"allow":["GET"]}}],"collection":[{"href":"https:\/\/sobedrj.com.br\/novo\/wp-json\/wp\/v2\/posts"}],"about":[{"href":"https:\/\/sobedrj.com.br\/novo\/wp-json\/wp\/v2\/types\/post"}],"author":[{"embeddable":true,"href":"https:\/\/sobedrj.com.br\/novo\/wp-json\/wp\/v2\/users\/1"}],"replies":[{"embeddable":true,"href":"https:\/\/sobedrj.com.br\/novo\/wp-json\/wp\/v2\/comments?post=7483"}],"version-history":[{"count":1,"href":"https:\/\/sobedrj.com.br\/novo\/wp-json\/wp\/v2\/posts\/7483\/revisions"}],"predecessor-version":[{"id":7484,"href":"https:\/\/sobedrj.com.br\/novo\/wp-json\/wp\/v2\/posts\/7483\/revisions\/7484"}],"wp:attachment":[{"href":"https:\/\/sobedrj.com.br\/novo\/wp-json\/wp\/v2\/media?parent=7483"}],"wp:term":[{"taxonomy":"category","embeddable":true,"href":"https:\/\/sobedrj.com.br\/novo\/wp-json\/wp\/v2\/categories?post=7483"},{"taxonomy":"post_tag","embeddable":true,"href":"https:\/\/sobedrj.com.br\/novo\/wp-json\/wp\/v2\/tags?post=7483"}],"curies":[{"name":"wp","href":"https:\/\/api.w.org\/{rel}","templated":true}]}}