{"id":7525,"date":"2019-07-04T14:42:55","date_gmt":"2019-07-04T14:42:55","guid":{"rendered":"http:\/\/sobedrj.com.br\/novo\/?p=7525"},"modified":"2019-07-09T17:23:39","modified_gmt":"2019-07-09T17:23:39","slug":"cremerj-entra-com-acao-civil-contra-unimed-leste-fluminense","status":"publish","type":"post","link":"https:\/\/sobedrj.com.br\/novo\/2019\/07\/04\/cremerj-entra-com-acao-civil-contra-unimed-leste-fluminense\/","title":{"rendered":"CREMERJ entra com a\u00e7\u00e3o civil contra Unimed Leste Fluminense"},"content":{"rendered":"<p>fonte: CREMERJ<\/p>\n<p>O CREMERJ entrou, nesta semana, com a\u00e7\u00e3o civil p\u00fablica contra a Unimed Leste Fluminense, que vem causando danos ao ato m\u00e9dico.<\/p>\n<p>De acordo com o texto, a operadora tem realizado descontos indevidos dos recebimentos dos m\u00e9dicos cirurgi\u00f5es, quando eles optam por uma equipe cir\u00fargica, composta por anestesistas, cirurgi\u00f5es auxiliares e instrumentadores, que n\u00e3o \u00e9 formada exclusivamente por profissionais credenciados por este plano de sa\u00fade.<\/p>\n<p>O motivo da a\u00e7\u00e3o \u00e9 que o m\u00e9dico cirurgi\u00e3o n\u00e3o pode ser prejudicado nos seus proventos, nem ser obrigado a compor sua equipe exclusivamente por m\u00e9dicos conveniados da Unimed Leste Fluminense. J\u00e1 que isto fere a autonomia profissional e age como forma punitiva para o m\u00e9dico que n\u00e3o se sujeita \u00e0 regra opressora deste plano de sa\u00fade.<\/p>\n<p>O exerc\u00edcio da profiss\u00e3o m\u00e9dica constitui uma pr\u00e1tica livre consagrada pelos princ\u00edpios liberais e assegurada pela Constitui\u00e7\u00e3o, tornando ampla a independ\u00eancia t\u00e9cnica do m\u00e9dico no desempenho de suas atividades.<\/p>\n<p>Portanto, foi requerida medida liminar para determinar que a Unimed Leste Fluminense se abstenha de efetuar estes descontos, garantindo o direito dos m\u00e9dicos cirurgi\u00f5es de decidirem quem ir\u00e1 compor sua equipe cir\u00fargica, de acordo com cada necessidade.<\/p>\n","protected":false},"excerpt":{"rendered":"<p>fonte: CREMERJ O CREMERJ entrou, nesta semana, com a\u00e7\u00e3o civil p\u00fablica contra a Unimed Leste Fluminense, que vem causando danos ao ato m\u00e9dico. De acordo com o texto, a operadora tem realizado descontos indevidos dos recebimentos dos m\u00e9dicos cirurgi\u00f5es, quando eles optam por uma equipe cir\u00fargica, composta por anestesistas, cirurgi\u00f5es auxiliares e instrumentadores, que n\u00e3o [&hellip;]<\/p>\n","protected":false},"author":1,"featured_media":7529,"comment_status":"closed","ping_status":"open","sticky":false,"template":"","format":"standard","meta":{"ngg_post_thumbnail":0,"footnotes":""},"categories":[2],"tags":[],"class_list":["post-7525","post","type-post","status-publish","format-standard","has-post-thumbnail","hentry","category-noticias"],"aioseo_notices":[],"gutentor_comment":0,"_links":{"self":[{"href":"https:\/\/sobedrj.com.br\/novo\/wp-json\/wp\/v2\/posts\/7525","targetHints":{"allow":["GET"]}}],"collection":[{"href":"https:\/\/sobedrj.com.br\/novo\/wp-json\/wp\/v2\/posts"}],"about":[{"href":"https:\/\/sobedrj.com.br\/novo\/wp-json\/wp\/v2\/types\/post"}],"author":[{"embeddable":true,"href":"https:\/\/sobedrj.com.br\/novo\/wp-json\/wp\/v2\/users\/1"}],"replies":[{"embeddable":true,"href":"https:\/\/sobedrj.com.br\/novo\/wp-json\/wp\/v2\/comments?post=7525"}],"version-history":[{"count":1,"href":"https:\/\/sobedrj.com.br\/novo\/wp-json\/wp\/v2\/posts\/7525\/revisions"}],"predecessor-version":[{"id":7530,"href":"https:\/\/sobedrj.com.br\/novo\/wp-json\/wp\/v2\/posts\/7525\/revisions\/7530"}],"wp:featuredmedia":[{"embeddable":true,"href":"https:\/\/sobedrj.com.br\/novo\/wp-json\/wp\/v2\/media\/7529"}],"wp:attachment":[{"href":"https:\/\/sobedrj.com.br\/novo\/wp-json\/wp\/v2\/media?parent=7525"}],"wp:term":[{"taxonomy":"category","embeddable":true,"href":"https:\/\/sobedrj.com.br\/novo\/wp-json\/wp\/v2\/categories?post=7525"},{"taxonomy":"post_tag","embeddable":true,"href":"https:\/\/sobedrj.com.br\/novo\/wp-json\/wp\/v2\/tags?post=7525"}],"curies":[{"name":"wp","href":"https:\/\/api.w.org\/{rel}","templated":true}]}}