{"id":7822,"date":"2019-08-12T11:21:51","date_gmt":"2019-08-12T11:21:51","guid":{"rendered":"http:\/\/sobedrj.com.br\/novo\/?p=7822"},"modified":"2019-08-12T11:21:51","modified_gmt":"2019-08-12T11:21:51","slug":"sobed-participa-de-reuniao-na-amb-sobre-defesa-profissional-e-camara-tecnica-da-cbhpm","status":"publish","type":"post","link":"https:\/\/sobedrj.com.br\/novo\/2019\/08\/12\/sobed-participa-de-reuniao-na-amb-sobre-defesa-profissional-e-camara-tecnica-da-cbhpm\/","title":{"rendered":"SOBED participa de reuni\u00e3o na AMB sobre defesa profissional e c\u00e2mara t\u00e9cnica da CBHPM"},"content":{"rendered":"<p>fonte: SOBED<\/p>\n<p>Na segunda-feira (5), a SOBED, representada pela presidente da Comiss\u00e3o de \u00c9tica e Defesa Profissional, Dra. Ana Zuccaro, participou da Reuni\u00e3o Conjunta do Conselho de Defesa Profissional das Sociedades de Especialidade e Federadas e da C\u00e2mara T\u00e9cnica da Classifica\u00e7\u00e3o Brasileira Hierarquizada de Procedimentos M\u00e9dicos (CBHPM), na Associa\u00e7\u00e3o M\u00e9dica Brasileira.<\/p>\n<p>Durante o encontro do Conselho de Defesa Profissional foi apresentado um panorama sobre a judicializa\u00e7\u00e3o na sa\u00fade no Brasil, que, anualmente, gera um custo de R$ 1 Bilh\u00e3o e 400 milh\u00f5es aos sistemas de sa\u00fade (p\u00fablico e privado). A ANS elaborou pareceres e protocolos sobre diversas condutas sem a participa\u00e7\u00e3o das Sociedades de Especialidade. Para auxiliar os ju\u00edzes em suas decis\u00f5es, foi assinado um contrato em junho deste ano entre o Minist\u00e9rio da Sa\u00fade, Conselho Nacional de Justi\u00e7a e os Hospitais Albert Einstein e S\u00edrio Liban\u00eas para organizar um m\u00f3dulo de pareceres no E-NatJus. O modelo piloto j\u00e1 est\u00e1 implantado na Bahia, Mato Grosso do Sul e Rio Grande do Norte. E mais uma vez, sem a participa\u00e7\u00e3o das Sociedades de Especialidades ou da AMB.<\/p>\n<p>Na C\u00e2mara T\u00e9cnica da CBHPM foi refor\u00e7ada a necessidade de se estabelecer uma Lei para validar a Classifica\u00e7\u00e3o Brasileira Hierarquizada de Procedimentos M\u00e9dicos como referencial, inclusive no Sistema \u00danico de Sa\u00fade, substituindo a atual Tabela SUS. A \u00f3tima not\u00edcia \u00e9 que a CT da CBHPM abriu a possibilidade de revis\u00e3o dos portes e valora\u00e7\u00e3o dos procedimentos na tabela.<\/p>\n<p>Para a SOBED, esta oportunidade \u00e9 fundamental para a revis\u00e3o de in\u00fameros procedimentos que est\u00e3o inadequadamente contemplados na CBHPM, criada inicialmente pela\u00a0\u00a0Funda\u00e7\u00e3o Instituto\u00a0de Pesquisas Econ\u00f4micas (FIPE). Devemos destacar os procedimentos em vias biliares e p\u00e2ncreas, cuja valora\u00e7\u00e3o na CBHPM n\u00e3o contempla a complexidade dos procedimentos. T\u00e3o logo tenhamos dispon\u00edveis os protocolos para altera\u00e7\u00e3o de portes, disponibilizaremos para a Comiss\u00e3o Cient\u00edfica e N\u00facleos da SOBED realizar a adequa\u00e7\u00e3o necess\u00e1ria.<\/p>\n","protected":false},"excerpt":{"rendered":"<p>fonte: SOBED Na segunda-feira (5), a SOBED, representada pela presidente da Comiss\u00e3o de \u00c9tica e Defesa Profissional, Dra. Ana Zuccaro, participou da Reuni\u00e3o Conjunta do Conselho de Defesa Profissional das Sociedades de Especialidade e Federadas e da C\u00e2mara T\u00e9cnica da Classifica\u00e7\u00e3o Brasileira Hierarquizada de Procedimentos M\u00e9dicos (CBHPM), na Associa\u00e7\u00e3o M\u00e9dica Brasileira. Durante o encontro do [&hellip;]<\/p>\n","protected":false},"author":1,"featured_media":4459,"comment_status":"closed","ping_status":"open","sticky":false,"template":"","format":"standard","meta":{"ngg_post_thumbnail":0,"footnotes":""},"categories":[2],"tags":[],"class_list":["post-7822","post","type-post","status-publish","format-standard","has-post-thumbnail","hentry","category-noticias"],"aioseo_notices":[],"gutentor_comment":0,"_links":{"self":[{"href":"https:\/\/sobedrj.com.br\/novo\/wp-json\/wp\/v2\/posts\/7822","targetHints":{"allow":["GET"]}}],"collection":[{"href":"https:\/\/sobedrj.com.br\/novo\/wp-json\/wp\/v2\/posts"}],"about":[{"href":"https:\/\/sobedrj.com.br\/novo\/wp-json\/wp\/v2\/types\/post"}],"author":[{"embeddable":true,"href":"https:\/\/sobedrj.com.br\/novo\/wp-json\/wp\/v2\/users\/1"}],"replies":[{"embeddable":true,"href":"https:\/\/sobedrj.com.br\/novo\/wp-json\/wp\/v2\/comments?post=7822"}],"version-history":[{"count":1,"href":"https:\/\/sobedrj.com.br\/novo\/wp-json\/wp\/v2\/posts\/7822\/revisions"}],"predecessor-version":[{"id":7823,"href":"https:\/\/sobedrj.com.br\/novo\/wp-json\/wp\/v2\/posts\/7822\/revisions\/7823"}],"wp:featuredmedia":[{"embeddable":true,"href":"https:\/\/sobedrj.com.br\/novo\/wp-json\/wp\/v2\/media\/4459"}],"wp:attachment":[{"href":"https:\/\/sobedrj.com.br\/novo\/wp-json\/wp\/v2\/media?parent=7822"}],"wp:term":[{"taxonomy":"category","embeddable":true,"href":"https:\/\/sobedrj.com.br\/novo\/wp-json\/wp\/v2\/categories?post=7822"},{"taxonomy":"post_tag","embeddable":true,"href":"https:\/\/sobedrj.com.br\/novo\/wp-json\/wp\/v2\/tags?post=7822"}],"curies":[{"name":"wp","href":"https:\/\/api.w.org\/{rel}","templated":true}]}}