{"id":7923,"date":"2019-08-21T10:01:19","date_gmt":"2019-08-21T10:01:19","guid":{"rendered":"http:\/\/sobedrj.com.br\/novo\/?p=7923"},"modified":"2019-08-21T16:25:17","modified_gmt":"2019-08-21T16:25:17","slug":"oficina-de-setembro-abordara-endoscopia-pediatrica-e-ocorrera-no-dia-14-sabado-confira-a-programacao","status":"publish","type":"post","link":"https:\/\/sobedrj.com.br\/novo\/2019\/08\/21\/oficina-de-setembro-abordara-endoscopia-pediatrica-e-ocorrera-no-dia-14-sabado-confira-a-programacao\/","title":{"rendered":"Oficina de setembro abordar\u00e1 Endoscopia Pedi\u00e1trica e ocorrer\u00e1 no dia 14, s\u00e1bado. Confira a programa\u00e7\u00e3o!"},"content":{"rendered":"<p>Endoscopia Pedi\u00e1trica. Este ser\u00e1 o tema da oficina de setembro da SOBED-RJ, que ser\u00e1 realizada no dia 14, s\u00e1bado, das 8h40 \u00e0s 11h45, no centro de estudos do Hospital Samaritano, em Botafogo.<\/p>\n<p>A entrada \u00e9 aberta a m\u00e9dicos. N\u00e3o perca!<\/p>\n<p><strong>CONFIRA A PROGRAMA\u00c7\u00c3O<\/strong><\/p>\n<p><strong>8h40 <\/strong><em>Abertura<\/em><\/p>\n<p><strong>8h45<\/strong><em> Caso Cl\u00ednico do projeto Jovem Endoscopista<\/em><\/p>\n<p><strong>9h<\/strong>\u00a0<em>Endoscopia Digestiva no Neonato<\/em>\u00a0<strong>Dra. Paula Peruzzi Elia<\/strong><\/p>\n<p><strong>9h15<\/strong>\u00a0<em>Estenose de Es\u00f4fago na Inf\u00e2ncia \u2013 Papel da Endoscopia<\/em>\u00a0<strong>Dr. Paulo Bittencourt<\/strong><\/p>\n<p><strong>9h30<\/strong> <em>Manejo endosc\u00f3pico da ingest\u00e3o de corpos estranhos na inf\u00e2ncia<\/em>\u00a0<strong>Dr. Paulo Bittencourt<\/strong><\/p>\n<p><strong>9h45<\/strong> <em>Debate<\/em><\/p>\n<p><strong>10h15<\/strong>\u00a0<em>Intervalo<\/em><\/p>\n<p><strong>10h30<\/strong>\u00a0<em>Hemorragia digestiva varicosa na Inf\u00e2ncia<\/em>\u00a0<strong>Dra. Laura Helman<\/strong><\/p>\n<p><strong>10h45<\/strong> <em>CPRE na Crian\u00e7a <\/em><strong>Dr. Manoel Ernesto<\/strong><\/p>\n<p><strong>11h<\/strong> <em>Ecoendoscopia na crian\u00e7a<\/em>\u00a0<strong>Dra. Simone Guaraldi<\/strong><\/p>\n<p><strong>11h15<\/strong> <em>Debate<\/em><\/p>\n<p><strong>11h45<\/strong>\u00a0<em>Encerramento<\/em><\/p>\n<p style=\"text-align: center;\"><strong>MODERA\u00c7\u00c3O<\/strong>:<br \/>\nDra. Gra\u00e7a Dias<\/p>\n<p><strong>SAIBA COMO CHEGAR<\/strong><\/p>\n<p>Rua Assun\u00e7\u00e3o, 286, Botafogo<\/p>\n<p style=\"text-align: center;\"><iframe loading=\"lazy\" style=\"border: 0;\" src=\"https:\/\/www.google.com\/maps\/embed?pb=!1m18!1m12!1m3!1d117546.91748597642!2d-43.31459333755127!3d-22.97447851580375!2m3!1f0!2f0!3f0!3m2!1i1024!2i768!4f13.1!3m3!1m2!1s0x0%3A0x515a85bd78b3e96d!2sCentro+De+Estudos+Do+Hospital+Samaritano!5e0!3m2!1spt-PT!2sbr!4v1552904110272\" width=\"600\" height=\"450\" frameborder=\"0\" allowfullscreen=\"allowfullscreen\" data-mce-fragment=\"1\"><\/iframe><\/p>\n<p>&nbsp;<\/p>\n","protected":false},"excerpt":{"rendered":"<p>Endoscopia Pedi\u00e1trica. Este ser\u00e1 o tema da oficina de setembro da SOBED-RJ, que ser\u00e1 realizada no dia 14, s\u00e1bado, das 8h40 \u00e0s 11h45, no centro de estudos do Hospital Samaritano, em Botafogo. A entrada \u00e9 aberta a m\u00e9dicos. N\u00e3o perca! CONFIRA A PROGRAMA\u00c7\u00c3O 8h40 Abertura 8h45 Caso Cl\u00ednico do projeto Jovem Endoscopista 9h\u00a0Endoscopia Digestiva no [&hellip;]<\/p>\n","protected":false},"author":1,"featured_media":7946,"comment_status":"closed","ping_status":"open","sticky":false,"template":"","format":"standard","meta":{"ngg_post_thumbnail":0,"footnotes":""},"categories":[2],"tags":[],"class_list":["post-7923","post","type-post","status-publish","format-standard","has-post-thumbnail","hentry","category-noticias"],"aioseo_notices":[],"gutentor_comment":0,"_links":{"self":[{"href":"https:\/\/sobedrj.com.br\/novo\/wp-json\/wp\/v2\/posts\/7923","targetHints":{"allow":["GET"]}}],"collection":[{"href":"https:\/\/sobedrj.com.br\/novo\/wp-json\/wp\/v2\/posts"}],"about":[{"href":"https:\/\/sobedrj.com.br\/novo\/wp-json\/wp\/v2\/types\/post"}],"author":[{"embeddable":true,"href":"https:\/\/sobedrj.com.br\/novo\/wp-json\/wp\/v2\/users\/1"}],"replies":[{"embeddable":true,"href":"https:\/\/sobedrj.com.br\/novo\/wp-json\/wp\/v2\/comments?post=7923"}],"version-history":[{"count":6,"href":"https:\/\/sobedrj.com.br\/novo\/wp-json\/wp\/v2\/posts\/7923\/revisions"}],"predecessor-version":[{"id":7945,"href":"https:\/\/sobedrj.com.br\/novo\/wp-json\/wp\/v2\/posts\/7923\/revisions\/7945"}],"wp:featuredmedia":[{"embeddable":true,"href":"https:\/\/sobedrj.com.br\/novo\/wp-json\/wp\/v2\/media\/7946"}],"wp:attachment":[{"href":"https:\/\/sobedrj.com.br\/novo\/wp-json\/wp\/v2\/media?parent=7923"}],"wp:term":[{"taxonomy":"category","embeddable":true,"href":"https:\/\/sobedrj.com.br\/novo\/wp-json\/wp\/v2\/categories?post=7923"},{"taxonomy":"post_tag","embeddable":true,"href":"https:\/\/sobedrj.com.br\/novo\/wp-json\/wp\/v2\/tags?post=7923"}],"curies":[{"name":"wp","href":"https:\/\/api.w.org\/{rel}","templated":true}]}}