{"id":7928,"date":"2019-08-21T11:02:32","date_gmt":"2019-08-21T11:02:32","guid":{"rendered":"http:\/\/sobedrj.com.br\/novo\/?p=7928"},"modified":"2019-08-21T11:02:32","modified_gmt":"2019-08-21T11:02:32","slug":"justica-federal-mantem-proibicao-de-divulgar-pos-graduacao-lato-sensu-como-se-fosse-titulo-de-especialista","status":"publish","type":"post","link":"https:\/\/sobedrj.com.br\/novo\/2019\/08\/21\/justica-federal-mantem-proibicao-de-divulgar-pos-graduacao-lato-sensu-como-se-fosse-titulo-de-especialista\/","title":{"rendered":"Justi\u00e7a Federal mant\u00e9m proibi\u00e7\u00e3o de divulgar p\u00f3s-gradua\u00e7\u00e3o lato sensu como se fosse t\u00edtulo de especialista"},"content":{"rendered":"<p>fonte: CFM<\/p>\n<div>O Tribunal Regional Federal da 1\u00aa Regi\u00e3o suspendeu efeitos de decis\u00e3o liminar concedida \u00e0 Associa\u00e7\u00e3o Brasileira de M\u00e9dicos com Expertise de P\u00f3s-gradua\u00e7\u00e3o, retirando-lhe a possibilidade de divulgar e anunciar titula\u00e7\u00f5es latu sensu na \u00e1rea da medicina, conforme pretendido em a\u00e7\u00e3o movida na Justi\u00e7a contra o Conselho Federal de Medicina (CFM). Com isso, ficaram mantidas as regras previstas na Resolu\u00e7\u00e3o CFM n\u00ba 1.974\/2011.<\/div>\n<div><\/div>\n<div><a href=\"http:\/\/portal.cfm.org.br\/images\/1026859-07.2019.4.01.0000%20%20conselho%20atica%20nvsr.pdf\" target=\"_blank\" rel=\"noopener\">ACESSE AQUI A DECIS\u00c3O<\/a><\/div>\n<div><\/div>\n<div>Esse texto, em seu artigo 3\u00ba, veda ao profissional o an\u00fancio de p\u00f3s-gradua\u00e7\u00e3o realizada para a capacita\u00e7\u00e3o pedag\u00f3gica em especialidades m\u00e9dicas e suas \u00e1reas de atua\u00e7\u00e3o, mesmo que em institui\u00e7\u00f5es oficiais ou por estas credenciadas. Essa veda\u00e7\u00e3o est\u00e1 amparada no C\u00f3digo de \u00c9tica M\u00e9dica que estabelece a proibi\u00e7\u00e3o de anunciar t\u00edtulos cient\u00edficos que o m\u00e9dico n\u00e3o possa comprovar e especialidade ou \u00e1rea de atua\u00e7\u00e3o para a qual n\u00e3o esteja qualificado e registrado no Conselho Regional de Medicina (CRM).<\/div>\n<div><\/div>\n<div>No entendimento do CFM, o portador de t\u00edtulos de p\u00f3s-gradua\u00e7\u00e3o lato sensu ao anunci\u00e1-los induz o paciente \u00e0 confus\u00e3o, fazendo-o acreditar que ele \u00e9 um especialista. Para o CFM, conforme estabelece a legisla\u00e7\u00e3o em vigor, podem ser considerados detentores de t\u00edtulo de especialidade m\u00e9dica apenas aqueles que conclu\u00edram Programa de Resid\u00eancia M\u00e9dica ou que foram aprovados em exames de t\u00edtulos realizados por sociedades de especialidade.<\/div>\n<div><\/div>\n<div>O desembargador Nov\u00e9ly Vilanova da Silva Reis, relator da decis\u00e3o, anunciada na sexta-feira (16), reiterou que, ao contr\u00e1rio do que \u00e9 questionada pela Associa\u00e7\u00e3o Brasileira de M\u00e9dicos com Expertise de P\u00f3s-gradua\u00e7\u00e3o, o CFM tem compet\u00eancia legal para dispor sobre \u201c\u00e9tica m\u00e9dica\u201d, caso em que essa autarquia federal pode definir preceitos e veda\u00e7\u00f5es a que os m\u00e9dicos est\u00e3o sujeitos.<\/div>\n<div><\/div>\n<div>\u201cO CFM apenas editou a Resolu\u00e7\u00e3o 1974\/2011, que \u00e9 um ato normativo, geral e abstrato, assim insuscet\u00edvel de lesar direito. O ato que lesaria direito subjetivo seria a eventual penalidade aplicada pelos Conselhos Regionais de Medicina (autarquia federal com personalidade jur\u00eddica do CFM) a quem compete cumprir esse ato\u201d, alertou o desembargador em sua decis\u00e3o, que suspende todos os efeitos da liminar concedida anteriormente.<\/div>\n","protected":false},"excerpt":{"rendered":"<p>fonte: CFM O Tribunal Regional Federal da 1\u00aa Regi\u00e3o suspendeu efeitos de decis\u00e3o liminar concedida \u00e0 Associa\u00e7\u00e3o Brasileira de M\u00e9dicos com Expertise de P\u00f3s-gradua\u00e7\u00e3o, retirando-lhe a possibilidade de divulgar e anunciar titula\u00e7\u00f5es latu sensu na \u00e1rea da medicina, conforme pretendido em a\u00e7\u00e3o movida na Justi\u00e7a contra o Conselho Federal de Medicina (CFM). Com isso, ficaram [&hellip;]<\/p>\n","protected":false},"author":1,"featured_media":0,"comment_status":"closed","ping_status":"open","sticky":false,"template":"","format":"standard","meta":{"ngg_post_thumbnail":0,"footnotes":""},"categories":[2],"tags":[],"class_list":["post-7928","post","type-post","status-publish","format-standard","hentry","category-noticias"],"aioseo_notices":[],"gutentor_comment":0,"_links":{"self":[{"href":"https:\/\/sobedrj.com.br\/novo\/wp-json\/wp\/v2\/posts\/7928","targetHints":{"allow":["GET"]}}],"collection":[{"href":"https:\/\/sobedrj.com.br\/novo\/wp-json\/wp\/v2\/posts"}],"about":[{"href":"https:\/\/sobedrj.com.br\/novo\/wp-json\/wp\/v2\/types\/post"}],"author":[{"embeddable":true,"href":"https:\/\/sobedrj.com.br\/novo\/wp-json\/wp\/v2\/users\/1"}],"replies":[{"embeddable":true,"href":"https:\/\/sobedrj.com.br\/novo\/wp-json\/wp\/v2\/comments?post=7928"}],"version-history":[{"count":1,"href":"https:\/\/sobedrj.com.br\/novo\/wp-json\/wp\/v2\/posts\/7928\/revisions"}],"predecessor-version":[{"id":7929,"href":"https:\/\/sobedrj.com.br\/novo\/wp-json\/wp\/v2\/posts\/7928\/revisions\/7929"}],"wp:attachment":[{"href":"https:\/\/sobedrj.com.br\/novo\/wp-json\/wp\/v2\/media?parent=7928"}],"wp:term":[{"taxonomy":"category","embeddable":true,"href":"https:\/\/sobedrj.com.br\/novo\/wp-json\/wp\/v2\/categories?post=7928"},{"taxonomy":"post_tag","embeddable":true,"href":"https:\/\/sobedrj.com.br\/novo\/wp-json\/wp\/v2\/tags?post=7928"}],"curies":[{"name":"wp","href":"https:\/\/api.w.org\/{rel}","templated":true}]}}