{"id":7959,"date":"2019-09-15T20:54:57","date_gmt":"2019-09-15T20:54:57","guid":{"rendered":"http:\/\/sobedrj.com.br\/novo\/?p=7959"},"modified":"2019-09-17T13:06:45","modified_gmt":"2019-09-17T13:06:45","slug":"dr-jean-francois-rey-fala-um-pouco-sobre-o-endo-2020","status":"publish","type":"post","link":"https:\/\/sobedrj.com.br\/novo\/2019\/09\/15\/dr-jean-francois-rey-fala-um-pouco-sobre-o-endo-2020\/","title":{"rendered":"Dr. Jean-Francois Rey fala um pouco sobre o Endo 2020"},"content":{"rendered":"<p>Dr. Jean-Francois Rey, presidente do Endo 2020 e da Organiza\u00e7\u00e3o Mundial de Endoscopia, explica um pouco do que ocorrer\u00e1 no congresso e sua expectativa para o evento.<\/p>\n<p><a href=\"http:\/\/endo2020.org\/\" target=\"_blank\" rel=\"noopener\">FA\u00c7A SUA INSCRI\u00c7\u00c3O E VEJA A PROGRAMA\u00c7\u00c3O<\/a><\/p>\n<p style=\"text-align: center;\"><iframe loading=\"lazy\" src=\"https:\/\/www.youtube.com\/embed\/-BpVyMixVvY\" width=\"560\" height=\"315\" frameborder=\"0\" allowfullscreen=\"allowfullscreen\"><\/iframe><\/p>\n","protected":false},"excerpt":{"rendered":"<p>Dr. Jean-Francois Rey, presidente do Endo 2020 e da Organiza\u00e7\u00e3o Mundial de Endoscopia, explica um pouco do que ocorrer\u00e1 no congresso e sua expectativa para o evento. FA\u00c7A SUA INSCRI\u00c7\u00c3O E VEJA A PROGRAMA\u00c7\u00c3O<\/p>\n","protected":false},"author":1,"featured_media":7960,"comment_status":"closed","ping_status":"open","sticky":false,"template":"","format":"standard","meta":{"ngg_post_thumbnail":0,"footnotes":""},"categories":[2],"tags":[],"class_list":["post-7959","post","type-post","status-publish","format-standard","has-post-thumbnail","hentry","category-noticias"],"aioseo_notices":[],"gutentor_comment":0,"_links":{"self":[{"href":"https:\/\/sobedrj.com.br\/novo\/wp-json\/wp\/v2\/posts\/7959","targetHints":{"allow":["GET"]}}],"collection":[{"href":"https:\/\/sobedrj.com.br\/novo\/wp-json\/wp\/v2\/posts"}],"about":[{"href":"https:\/\/sobedrj.com.br\/novo\/wp-json\/wp\/v2\/types\/post"}],"author":[{"embeddable":true,"href":"https:\/\/sobedrj.com.br\/novo\/wp-json\/wp\/v2\/users\/1"}],"replies":[{"embeddable":true,"href":"https:\/\/sobedrj.com.br\/novo\/wp-json\/wp\/v2\/comments?post=7959"}],"version-history":[{"count":1,"href":"https:\/\/sobedrj.com.br\/novo\/wp-json\/wp\/v2\/posts\/7959\/revisions"}],"predecessor-version":[{"id":7961,"href":"https:\/\/sobedrj.com.br\/novo\/wp-json\/wp\/v2\/posts\/7959\/revisions\/7961"}],"wp:featuredmedia":[{"embeddable":true,"href":"https:\/\/sobedrj.com.br\/novo\/wp-json\/wp\/v2\/media\/7960"}],"wp:attachment":[{"href":"https:\/\/sobedrj.com.br\/novo\/wp-json\/wp\/v2\/media?parent=7959"}],"wp:term":[{"taxonomy":"category","embeddable":true,"href":"https:\/\/sobedrj.com.br\/novo\/wp-json\/wp\/v2\/categories?post=7959"},{"taxonomy":"post_tag","embeddable":true,"href":"https:\/\/sobedrj.com.br\/novo\/wp-json\/wp\/v2\/tags?post=7959"}],"curies":[{"name":"wp","href":"https:\/\/api.w.org\/{rel}","templated":true}]}}