{"id":8003,"date":"2019-09-16T12:27:13","date_gmt":"2019-09-16T12:27:13","guid":{"rendered":"http:\/\/sobedrj.com.br\/novo\/?p=8003"},"modified":"2019-09-17T13:06:32","modified_gmt":"2019-09-17T13:06:32","slug":"dia-mundial-da-seguranca-do-paciente-comemorado-em-17-de-setembro-chama-atencao-para-a-importancia-da-qualidade-da-assistencia-a-saude-prestada","status":"publish","type":"post","link":"https:\/\/sobedrj.com.br\/novo\/2019\/09\/16\/dia-mundial-da-seguranca-do-paciente-comemorado-em-17-de-setembro-chama-atencao-para-a-importancia-da-qualidade-da-assistencia-a-saude-prestada\/","title":{"rendered":"Dia Mundial da Seguran\u00e7a do Paciente chama aten\u00e7\u00e3o para a import\u00e2ncia da qualidade da assist\u00eancia \u00e0 sa\u00fade prestada"},"content":{"rendered":"<p>fonte: Anvisa<\/p>\n<p>Seguran\u00e7a do paciente: uma prioridade de sa\u00fade global. Esse \u00e9 o tema da campanha deste ano do Dia Mundial da Seguran\u00e7a do Paciente, comemorado em 17 de setembro. O objetivo \u00e9 mobilizar pacientes, profissionais de sa\u00fade, formuladores de pol\u00edticas, pesquisadores, redes profissionais e o setor de sa\u00fade para defender a seguran\u00e7a do paciente.<\/p>\n<p>A data foi definida pela Organiza\u00e7\u00e3o Mundial da Sa\u00fade (OMS) na 72\u00aa Assembleia Mundial da Sa\u00fade. A Anvisa, que desenvolve a\u00e7\u00f5es nacionais voltadas para a seguran\u00e7a do paciente em servi\u00e7os de sa\u00fade desde sua cria\u00e7\u00e3o, em 1999, se une \u00e0 iniciativa da OMS, contribuindo para assegurar cada vez mais qualidade na assist\u00eancia prestada.<\/p>\n<p>N\u00e3o fique de fora dessa!\u00a0<strong><a href=\"http:\/\/portal.anvisa.gov.br\/documents\/219201\/4340788\/Cartaz+SdP\/89f9faca-2325-4e79-8c62-51266c8a9bdc\">Acesse o cartaz\u00a0\u201cVamos lutar pela\u00a0seguran\u00e7a do\u00a0paciente!\u201d<\/a><\/strong>\u00a0e celebre o dia 17 de setembro em sua institui\u00e7\u00e3o. D\u00ea visibilidade \u00e0s iniciativas exitosas que voc\u00ea vem desenvolvendo para a implementa\u00e7\u00e3o de pr\u00e1ticas mais seguras em suas redes sociais e marque @anvisaoficial\u00a0nas fotos e v\u00eddeos de at\u00e9 um minuto produzidos. Utilize as\u00a0hashtags\u00a0#17desetembro, #diamundialdasegurancadopaciente\u00a0e #eulutopelasegurancadopaciente.<\/p>\n<h4>Seja um agente transformador!<\/h4>\n<p><strong>Se voc\u00ea \u00e9 paciente:\u00a0<\/strong><\/p>\n<p>&#8211; Envolva-se, ativamente, no seu pr\u00f3prio cuidado.<\/p>\n<p>&#8211; Fa\u00e7a perguntas! Cuidados de sa\u00fade seguros come\u00e7am com uma boa comunica\u00e7\u00e3o.<\/p>\n<p>&#8211; Certifique-se de fornecer informa\u00e7\u00f5es precisas aos profissionais sobre seu hist\u00f3rico de sa\u00fade.<\/p>\n<p><strong>Se voc\u00ea \u00e9\u00a0profissional de sa\u00fade ou l\u00edder de servi\u00e7os de sa\u00fade:\u00a0<\/strong><\/p>\n<p>&#8211; Fa\u00e7a do paciente um parceiro, de modo a envolv\u00ea-lo em seu pr\u00f3prio cuidado.<\/p>\n<p>&#8211; Garanta o desenvolvimento profissional cont\u00ednuo para melhorar suas habilidades e conhecimentos em seguran\u00e7a do paciente.<\/p>\n<p>&#8211; Crie uma cultura de seguran\u00e7a aberta e transparente.<\/p>\n<p>&#8211; Notifique \u00e0 Anvisa e investigue os eventos adversos que ocorreram no seu servi\u00e7o de sa\u00fade. \u00c9 importante aprender com as falhas.<\/p>\n<h4>Materiais da Anvisa\u00a0para consulta<\/h4>\n<p><strong><a href=\"http:\/\/portal.anvisa.gov.br\/documents\/33852\/459495\/Relat%C3%B3rio+com+os+resultados+da+autoavalia%C3%A7%C3%A3o+das+pr%C3%A1ticas+de+seguran%C3%A7a+do+paciente+2018\/658bbc1f-ec2e-49da-91a9-8feb78026e43?version=1.0\" target=\"_blank\" rel=\"noopener noreferrer\">Relat\u00f3rio da Autoavalia\u00e7\u00e3o das pr\u00e1ticas de seguran\u00e7a do paciente \u2013 2018<\/a>\u00a0<\/strong><\/p>\n<p><strong><a href=\"https:\/\/www20.anvisa.gov.br\/segurancadopaciente\/index.php\/publicacoes\" target=\"_blank\" rel=\"noopener noreferrer\">Relat\u00f3rios e boletins sobre eventos adversos em servi\u00e7os de sa\u00fade<\/a>\u00a0<\/strong><\/p>\n<p><strong><a href=\"https:\/\/www20.anvisa.gov.br\/segurancadopaciente\/index.php\/publicacoes\/category\/manuais\" target=\"_blank\" rel=\"noopener noreferrer\">Manuais da s\u00e9rie Seguran\u00e7a do Paciente e Qualidade em Servi\u00e7os de Sa\u00fade<\/a>\u00a0<\/strong><\/p>\n<p><strong><a href=\"https:\/\/www20.anvisa.gov.br\/segurancadopaciente\/index.php\/publicacoes\/item\/guia-como-posso-contribuir-para-aumentar-a-seguranca-do-paciente-orientacoes-aos-pacientes-familiares-e-acompanhantes\" target=\"_blank\" rel=\"noopener noreferrer\">Guia: Como posso contribuir para aumentar a seguran\u00e7a do paciente? Orienta\u00e7\u00f5es aos pacientes, familiares e acompanhantes<\/a>\u00a0<\/strong><\/p>\n<p><strong><a href=\"https:\/\/www20.anvisa.gov.br\/segurancadopaciente\/\" target=\"_blank\" rel=\"noopener noreferrer\">Hotsite\u00a0Seguran\u00e7a do Paciente<\/a>\u00a0<\/strong><\/p>\n","protected":false},"excerpt":{"rendered":"<p>fonte: Anvisa Seguran\u00e7a do paciente: uma prioridade de sa\u00fade global. Esse \u00e9 o tema da campanha deste ano do Dia Mundial da Seguran\u00e7a do Paciente, comemorado em 17 de setembro. O objetivo \u00e9 mobilizar pacientes, profissionais de sa\u00fade, formuladores de pol\u00edticas, pesquisadores, redes profissionais e o setor de sa\u00fade para defender a seguran\u00e7a do paciente. [&hellip;]<\/p>\n","protected":false},"author":1,"featured_media":8022,"comment_status":"closed","ping_status":"open","sticky":false,"template":"","format":"standard","meta":{"ngg_post_thumbnail":0,"footnotes":""},"categories":[2],"tags":[],"class_list":["post-8003","post","type-post","status-publish","format-standard","has-post-thumbnail","hentry","category-noticias"],"aioseo_notices":[],"gutentor_comment":0,"_links":{"self":[{"href":"https:\/\/sobedrj.com.br\/novo\/wp-json\/wp\/v2\/posts\/8003","targetHints":{"allow":["GET"]}}],"collection":[{"href":"https:\/\/sobedrj.com.br\/novo\/wp-json\/wp\/v2\/posts"}],"about":[{"href":"https:\/\/sobedrj.com.br\/novo\/wp-json\/wp\/v2\/types\/post"}],"author":[{"embeddable":true,"href":"https:\/\/sobedrj.com.br\/novo\/wp-json\/wp\/v2\/users\/1"}],"replies":[{"embeddable":true,"href":"https:\/\/sobedrj.com.br\/novo\/wp-json\/wp\/v2\/comments?post=8003"}],"version-history":[{"count":4,"href":"https:\/\/sobedrj.com.br\/novo\/wp-json\/wp\/v2\/posts\/8003\/revisions"}],"predecessor-version":[{"id":8024,"href":"https:\/\/sobedrj.com.br\/novo\/wp-json\/wp\/v2\/posts\/8003\/revisions\/8024"}],"wp:featuredmedia":[{"embeddable":true,"href":"https:\/\/sobedrj.com.br\/novo\/wp-json\/wp\/v2\/media\/8022"}],"wp:attachment":[{"href":"https:\/\/sobedrj.com.br\/novo\/wp-json\/wp\/v2\/media?parent=8003"}],"wp:term":[{"taxonomy":"category","embeddable":true,"href":"https:\/\/sobedrj.com.br\/novo\/wp-json\/wp\/v2\/categories?post=8003"},{"taxonomy":"post_tag","embeddable":true,"href":"https:\/\/sobedrj.com.br\/novo\/wp-json\/wp\/v2\/tags?post=8003"}],"curies":[{"name":"wp","href":"https:\/\/api.w.org\/{rel}","templated":true}]}}