{"id":8124,"date":"2019-09-16T19:24:29","date_gmt":"2019-09-16T19:24:29","guid":{"rendered":"http:\/\/sobedrj.com.br\/novo\/?p=8124"},"modified":"2019-09-17T13:05:51","modified_gmt":"2019-09-17T13:05:51","slug":"rj-adoece-com-crises-na-saude-municipal-estadual-e-federal","status":"publish","type":"post","link":"https:\/\/sobedrj.com.br\/novo\/2019\/09\/16\/rj-adoece-com-crises-na-saude-municipal-estadual-e-federal\/","title":{"rendered":"RJ adoece com crises na sa\u00fade municipal, estadual e federal"},"content":{"rendered":"<p>fonte: Folha de SP<\/p>\n<p>&#8220;Para mim era uma fantasia de televis\u00e3o. Nunca havia passado por uma situa\u00e7\u00e3o dessas\u201d, conta a agente administrativa Gleice Favaris, 43. Sua saga teve in\u00edcio h\u00e1 quatro semanas, quando seu pai, idoso e com mal de Alzheimer, come\u00e7ou a apresentar sintomas de pneumonia.<\/p>\n<p>Ele passou por duas unidades da rede municipal, onde enfrentou falta de rem\u00e9dios e equipamentos. Na \u00faltima delas, a UPA de Costa Barros, ficou ao menos tr\u00eas dias sem tomar antibi\u00f3tico porque o Clavulin estava em falta. Segundo Gleice, tamb\u00e9m n\u00e3o havia soro, gaze nem\u00a0sequer len\u00e7ol.<\/p>\n<p>O idoso ficou internado por nove dias aguardando a transfer\u00eancia para um hospital, at\u00e9 que morreu na \u00faltima sexta (6). \u201cMeu pai n\u00e3o deveria estar do jeito que estava. Ele piorou muito no servi\u00e7o p\u00fablico. Fiquei horrorizada com a forma como as pessoas s\u00e3o tratadas, como lixo\u201d, diz.<\/p>\n<p>Gleice e seu pai s\u00e3o apenas dois dos milhares afetados pelas dificuldades que atingem simultaneamente as redes municipal, estadual e federal de sa\u00fade do Rio de Janeiro \u2014estado que tem nove unidades geridas pela Uni\u00e3o, o maior n\u00famero do pa\u00eds.<\/p>\n<p>Essa conjuntura faz a popula\u00e7\u00e3o fluminense viver o que Daniel Macedo, defensor p\u00fablico da Uni\u00e3o, chama de \u201csua pior crise na sa\u00fade desde a Constitui\u00e7\u00e3o de 1988\u201d. \u201cAntes, quando uma rede n\u00e3o estava bem, tinha o suporte das outras. Desta vez s\u00e3o as tr\u00eas ao mesmo tempo\u201d, diz.<\/p>\n<p><a href=\"http:\/\/sobedrj.com.br\/novo\/wp-content\/uploads\/2019\/09\/grafico-1.jpg\" rel=\"lightbox[8124]\"><img loading=\"lazy\" decoding=\"async\" class=\"aligncenter size-full wp-image-8125\" src=\"http:\/\/sobedrj.com.br\/novo\/wp-content\/uploads\/2019\/09\/grafico-1.jpg\" alt=\"\" width=\"493\" height=\"419\" srcset=\"https:\/\/sobedrj.com.br\/novo\/wp-content\/uploads\/2019\/09\/grafico-1.jpg 493w, https:\/\/sobedrj.com.br\/novo\/wp-content\/uploads\/2019\/09\/grafico-1-300x255.jpg 300w\" sizes=\"auto, (max-width: 493px) 100vw, 493px\" \/><\/a><\/p>\n<p>Na esfera municipal, a car\u00eancia de profissionais e de insumos \u00e9 a principal cr\u00edtica de m\u00e9dicos ouvidos, muitos dos quais\u00a0n\u00e3o quiseram se identificar.\u00a0\u201cNunca vi a situa\u00e7\u00e3o deplor\u00e1vel como est\u00e1\u201d, afirma o ginecologista e obstetra Raphael C\u00e2mara, conselheiro do Cremerj (Conselho Regional de Medicina).<\/p>\n<p>No \u00e2mbito estadual,\u00a0<a href=\"https:\/\/www1.folha.uol.com.br\/cotidiano\/2015\/12\/1722776-crise-na-saude-faz-hospitais-do-rio-fecharem-emergencia.shtml\">onde a crise come\u00e7ou primeiro, em 2015<\/a>, com o desajuste das contas p\u00fablicas, a situa\u00e7\u00e3o j\u00e1 est\u00e1 mais controlada, mas reclama\u00e7\u00f5es de pacientes persistem. Uma comiss\u00e3o chegou a ser criada em 2018 para reavaliar protocolos depois que uma paciente morreu no Hospital Get\u00falio Vargas, superlotado, por falta de atendimento.<\/p>\n<p>J\u00e1 na rede federal, a desordem foi tanta que o ministro da Sa\u00fade, Luiz Henrique Mandetta, elegeu o \u201cchoque de gest\u00e3o\u201d no Rio como uma de suas prioridades. No in\u00edcio do ano, enviou militares para organizar processos administrativos e financeiros.<\/p>\n<p>Outro sintoma da crise em todas as esferas \u00e9 o d\u00e9ficit de leitos, problema hist\u00f3rico que tem se agravado com o fechamento de vagas por falta de profissionais ou condi\u00e7\u00f5es estruturais. Em 17 de junho, havia 1.071\u00a0leitos p\u00fablicos bloqueados na cidade.<\/p>\n<p><a href=\"http:\/\/sobedrj.com.br\/novo\/wp-content\/uploads\/2019\/09\/grafico2.jpg\" rel=\"lightbox[8124]\"><img loading=\"lazy\" decoding=\"async\" class=\"aligncenter size-full wp-image-8126\" src=\"http:\/\/sobedrj.com.br\/novo\/wp-content\/uploads\/2019\/09\/grafico2.jpg\" alt=\"\" width=\"486\" height=\"245\" srcset=\"https:\/\/sobedrj.com.br\/novo\/wp-content\/uploads\/2019\/09\/grafico2.jpg 486w, https:\/\/sobedrj.com.br\/novo\/wp-content\/uploads\/2019\/09\/grafico2-300x151.jpg 300w\" sizes=\"auto, (max-width: 486px) 100vw, 486px\" \/><\/a><\/p>\n<p>Segundo Thaisa Guerreiro, coordenadora de sa\u00fade da Defensoria do RJ, foi em 2017 que os problemas do estado evolu\u00edram para as redes municipal e federal, com mais pol\u00edticas de ajuste fiscal no setor.<\/p>\n<p>\u201cComo as unidades estaduais n\u00e3o estavam suportando, a popula\u00e7\u00e3o se deslocou para as municipais. Quando a prefeitura tamb\u00e9m come\u00e7a a fazer cortes, n\u00e3o d\u00e1 conta da demanda\u201d, afirma.<\/p>\n<p>Os motivos para a crise, por\u00e9m, n\u00e3o se limitam \u00e0 falta de dinheiro. M\u00e1 gest\u00e3o, indica\u00e7\u00f5es pol\u00edticas para cargos t\u00e9cnicos e corrup\u00e7\u00e3o tamb\u00e9m s\u00e3o citados como causas.<\/p>\n<p>Um exemplo \u00e9 o caso do Into (Instituto Nacional de Traumatologia e Ortopedia), que sofre com o desabastecimento de pr\u00f3teses e \u00f3rteses depois que fornecedoras foram acusadas de participar de fraudes em licita\u00e7\u00f5es e pagamento de propina. S\u00f3 3.638 das 5.371 cirurgias esperadas para o primeiro semestre foram feitas.<\/p>\n<p>A aten\u00e7\u00e3o prim\u00e1ria, essencial para preven\u00e7\u00e3o e controle de doen\u00e7as cr\u00f4nicas, vive uma reestrutura\u00e7\u00e3o feita pelo prefeito Marcelo Crivella (PRB). Esse sistema \u00e9 em grande parte gerido por organiza\u00e7\u00f5es sociais (OSs), empresas que recebem dinheiro municipal e em troca cumprem metas.<\/p>\n<p><a href=\"http:\/\/sobedrj.com.br\/novo\/wp-content\/uploads\/2019\/09\/grafico3.jpg\" rel=\"lightbox[8124]\"><img loading=\"lazy\" decoding=\"async\" class=\"aligncenter size-full wp-image-8127\" src=\"http:\/\/sobedrj.com.br\/novo\/wp-content\/uploads\/2019\/09\/grafico3.jpg\" alt=\"\" width=\"519\" height=\"335\" srcset=\"https:\/\/sobedrj.com.br\/novo\/wp-content\/uploads\/2019\/09\/grafico3.jpg 519w, https:\/\/sobedrj.com.br\/novo\/wp-content\/uploads\/2019\/09\/grafico3-300x194.jpg 300w\" sizes=\"auto, (max-width: 519px) 100vw, 519px\" \/><\/a><\/p>\n<p>Crivella afirma que seu antecessor, Eduardo Paes (DEM), expandiu a rede de forma desordenada. Por isso, desde 2017, o prefeito extinguiu 176 equipes de sa\u00fade da fam\u00edlia, fazendo a parcela da popula\u00e7\u00e3o atendida cair de 71% para 61%.<\/p>\n<p>A prefeitura diz que n\u00e3o houve corte de servi\u00e7os e que as mudan\u00e7as buscaram concentrar equipes em locais mais pobres, eliminar as de baixa produtividade e adequar o servi\u00e7o ao or\u00e7amento municipal.<\/p>\n<p>A percep\u00e7\u00e3o de profissionais da sa\u00fade da fam\u00edlia, por\u00e9m, \u00e9 outra. O coletivo de m\u00e9dicos Nenhum Servi\u00e7o de Sa\u00fade a Menos afirma houve desestrutura\u00e7\u00e3o da aten\u00e7\u00e3o b\u00e1sica,\u00a0redu\u00e7\u00e3o no valor dos contratos renovados com as OSs, corte e atraso de benef\u00edcios e v\u00ednculos de trabalho prec\u00e1rios.<\/p>\n<p><a href=\"http:\/\/sobedrj.com.br\/novo\/wp-content\/uploads\/2019\/09\/grafico4.jpg\" rel=\"lightbox[8124]\"><img loading=\"lazy\" decoding=\"async\" class=\"aligncenter size-full wp-image-8128\" src=\"http:\/\/sobedrj.com.br\/novo\/wp-content\/uploads\/2019\/09\/grafico4.jpg\" alt=\"\" width=\"493\" height=\"293\" srcset=\"https:\/\/sobedrj.com.br\/novo\/wp-content\/uploads\/2019\/09\/grafico4.jpg 493w, https:\/\/sobedrj.com.br\/novo\/wp-content\/uploads\/2019\/09\/grafico4-300x178.jpg 300w\" sizes=\"auto, (max-width: 493px) 100vw, 493px\" \/><\/a><\/p>\n<p>A crise do RJ se reflete em indicadores da sa\u00fade considerados sens\u00edveis \u00e0 qualidade do atendimento. O n\u00famero de mortos por causas evit\u00e1veis no estado, como tuberculose e hepatites virais, que se mantinha num patamar abaixo de 75 mil desde 2000, explodiu para quase 80 mil em 2016.<\/p>\n<p>Antes em queda, a taxa de mortalidade materna tamb\u00e9m subiu de 2015 para 2017: foi de 67,1 para 84,7 \u00f3bitos por 100 mil nascidos vivos, acima da m\u00e9dia nacional (64,5). Os dados s\u00e3o os mais recentes do Datasus.<\/p>\n<p>Os problemas n\u00e3o atingem s\u00f3 a rede p\u00fablica. Na quinta-feira (12),\u00a0<a href=\"https:\/\/www1.folha.uol.com.br\/cotidiano\/2019\/09\/corpos-de-cinco-vitimas-de-incendio-em-hospital-sao-identificados.shtml\">um inc\u00eandio tomou conta de um dos pr\u00e9dios do hospital\u00a0<\/a><a href=\"https:\/\/www1.folha.uol.com.br\/cotidiano\/2019\/09\/corpos-de-cinco-vitimas-de-incendio-em-hospital-sao-identificados.shtml\">Badim<\/a>, na Tijuca, zona norte do Rio, matando 11 pessoas. A causa do fogo ainda n\u00e3o foi esclarecida, mas a suspeita \u00e9 de que tenha ocorrido um curto circuito no gerador do pr\u00e9dio.<\/p>\n<p><a href=\"http:\/\/sobedrj.com.br\/novo\/wp-content\/uploads\/2019\/09\/grafico5.jpg\" rel=\"lightbox[8124]\"><img loading=\"lazy\" decoding=\"async\" class=\"aligncenter size-full wp-image-8129\" src=\"http:\/\/sobedrj.com.br\/novo\/wp-content\/uploads\/2019\/09\/grafico5.jpg\" alt=\"\" width=\"569\" height=\"353\" srcset=\"https:\/\/sobedrj.com.br\/novo\/wp-content\/uploads\/2019\/09\/grafico5.jpg 569w, https:\/\/sobedrj.com.br\/novo\/wp-content\/uploads\/2019\/09\/grafico5-300x186.jpg 300w\" sizes=\"auto, (max-width: 569px) 100vw, 569px\" \/><\/a><\/p>\n<h3 class=\"c-news__subtitle\">PREFEITURA NEGA FALTA DE INSUMOS; ESTADO E UNI\u00c3O VEEM AVAN\u00c7OS<\/h3>\n<p>A Prefeitura do Rio diz que n\u00e3o h\u00e1 falta generalizada de rem\u00e9dios e insumos na rede e que baixas pontuais podem ocorrer por dificuldades em processos de compra.<\/p>\n<p>O governo do estado, sob a\u00a0<a href=\"https:\/\/www1.folha.uol.com.br\/poder\/2018\/10\/eleito-governador-do-rj-e-ex-magistrado-e-articulou-candidatura-por-tres-anos.shtml\">gest\u00e3o de Wilson\u00a0<\/a><a href=\"https:\/\/www1.folha.uol.com.br\/poder\/2018\/10\/eleito-governador-do-rj-e-ex-magistrado-e-articulou-candidatura-por-tres-anos.shtml\">Witzel<\/a>\u00a0(PSC), afirma que encontrou em janeiro um panorama de crise nas finan\u00e7as e na gest\u00e3o da sa\u00fade, mas que avan\u00e7os est\u00e3o sendo realizados.<\/p>\n<p>Entre eles\u00a0est\u00e3o a retomada de repasses aos fornecedores e a manuten\u00e7\u00e3o das unidades estaduais, por meio\u00a0de reformas na infraestrutura. A Secretaria de Sa\u00fade tamb\u00e9m diz ter repassado mais de R$ 310 milh\u00f5es aos munic\u00edpios para fortalecer os atendimentos.<\/p>\n<p>J\u00e1 o\u00a0<a href=\"https:\/\/www1.folha.uol.com.br\/especial\/2018\/governo-bolsonaro\/\">governo Jair\u00a0<\/a><a href=\"https:\/\/www1.folha.uol.com.br\/especial\/2018\/governo-bolsonaro\/\">Bolsonaro<\/a>\u00a0(PSL) aponta que a a\u00e7\u00e3o conjunta para reestruturar os seis hospitais federais do RJ j\u00e1 resultou em um aumento no n\u00famero de atendimentos. Al\u00e9m do envio de uma equipe multidisciplinar para melhorar a gest\u00e3o e a infraestrutura, 1.500 funcion\u00e1rios foram capacitados.<\/p>\n","protected":false},"excerpt":{"rendered":"<p>fonte: Folha de SP &#8220;Para mim era uma fantasia de televis\u00e3o. Nunca havia passado por uma situa\u00e7\u00e3o dessas\u201d, conta a agente administrativa Gleice Favaris, 43. Sua saga teve in\u00edcio h\u00e1 quatro semanas, quando seu pai, idoso e com mal de Alzheimer, come\u00e7ou a apresentar sintomas de pneumonia. Ele passou por duas unidades da rede municipal, [&hellip;]<\/p>\n","protected":false},"author":1,"featured_media":0,"comment_status":"closed","ping_status":"open","sticky":false,"template":"","format":"standard","meta":{"ngg_post_thumbnail":0,"footnotes":""},"categories":[2],"tags":[],"class_list":["post-8124","post","type-post","status-publish","format-standard","hentry","category-noticias"],"aioseo_notices":[],"gutentor_comment":0,"_links":{"self":[{"href":"https:\/\/sobedrj.com.br\/novo\/wp-json\/wp\/v2\/posts\/8124","targetHints":{"allow":["GET"]}}],"collection":[{"href":"https:\/\/sobedrj.com.br\/novo\/wp-json\/wp\/v2\/posts"}],"about":[{"href":"https:\/\/sobedrj.com.br\/novo\/wp-json\/wp\/v2\/types\/post"}],"author":[{"embeddable":true,"href":"https:\/\/sobedrj.com.br\/novo\/wp-json\/wp\/v2\/users\/1"}],"replies":[{"embeddable":true,"href":"https:\/\/sobedrj.com.br\/novo\/wp-json\/wp\/v2\/comments?post=8124"}],"version-history":[{"count":1,"href":"https:\/\/sobedrj.com.br\/novo\/wp-json\/wp\/v2\/posts\/8124\/revisions"}],"predecessor-version":[{"id":8130,"href":"https:\/\/sobedrj.com.br\/novo\/wp-json\/wp\/v2\/posts\/8124\/revisions\/8130"}],"wp:attachment":[{"href":"https:\/\/sobedrj.com.br\/novo\/wp-json\/wp\/v2\/media?parent=8124"}],"wp:term":[{"taxonomy":"category","embeddable":true,"href":"https:\/\/sobedrj.com.br\/novo\/wp-json\/wp\/v2\/categories?post=8124"},{"taxonomy":"post_tag","embeddable":true,"href":"https:\/\/sobedrj.com.br\/novo\/wp-json\/wp\/v2\/tags?post=8124"}],"curies":[{"name":"wp","href":"https:\/\/api.w.org\/{rel}","templated":true}]}}