{"id":8146,"date":"2019-09-19T13:11:56","date_gmt":"2019-09-19T13:11:56","guid":{"rendered":"http:\/\/sobedrj.com.br\/novo\/?p=8146"},"modified":"2019-09-19T13:11:56","modified_gmt":"2019-09-19T13:11:56","slug":"justica-federal-suspende-notificacoes-realizadas-pelo-coren-df-a-clinica-de-endoscopia","status":"publish","type":"post","link":"https:\/\/sobedrj.com.br\/novo\/2019\/09\/19\/justica-federal-suspende-notificacoes-realizadas-pelo-coren-df-a-clinica-de-endoscopia\/","title":{"rendered":"Justi\u00e7a Federal suspende notifica\u00e7\u00f5es realizadas pelo COREN\/DF \u00e0 cl\u00ednica de Endoscopia"},"content":{"rendered":"<p>fonte: SOBED<\/p>\n<p style=\"text-align: center;\"><strong>Vit\u00f3ria da endoscopia em defesa do ato m\u00e9dico<\/strong><\/p>\n<p>Em decis\u00e3o de 18\/09\/2019 o Tribunal Regional Federal da 1\u00b0 Regi\u00e3o deferiu liminar suspendendo notifica\u00e7\u00f5es realizadas pelo COREN\/DF \u00e0 cl\u00ednica de endoscopia.<\/p>\n<p>O juiz federal, Marcelo Pinheiro, fundamentou que:<\/p>\n<p>&#8220;Entendo, em an\u00e1lise perfunct\u00f3ria, que assiste raz\u00e3o \u00e0 parte autora, uma vez que\u00a0as atividades desempenhadas pela autora n\u00e3o se enquadram na legisla\u00e7\u00e3o de reg\u00eancia a demandar a fiscaliza\u00e7\u00e3o pelo COREN. E\u00a0\u00e9 o que se nota do seu contrato social \u201cCL\u00c1USULA TERCEIRA \u2013 O seu objeto social \u00e9 a presta\u00e7\u00e3o de servi\u00e7os m\u00e9dicos nas especialidades de gastroenterologia cl\u00ednica e cir\u00fargica, endoscopia digestiva, aux\u00edlio diagnostico e terapia, imagenologia, ecografia e demais exames e procedimentos correlatos\u201d\u00a0fl. 22&#8221;.<\/p>\n<p>Essa \u00e9 a segunda decis\u00e3o obtida neste sentido, em dois meses, sob orienta\u00e7\u00e3o do departamento jur\u00eddico da SOBED.<\/p>\n<p>Departamento jur\u00eddico SOBED.<br \/>\n18 de setembro de 2019<\/p>\n<p><a href=\"http:\/\/sobedrj.com.br\/novo\/wp-content\/uploads\/2019\/09\/Decis\u00e3o-Endocentro.pdf\" target=\"_blank\" rel=\"noopener\">CONFIRA A DECIS\u00c3O NA \u00cdNTEGRA<\/a><\/p>\n","protected":false},"excerpt":{"rendered":"<p>fonte: SOBED Vit\u00f3ria da endoscopia em defesa do ato m\u00e9dico Em decis\u00e3o de 18\/09\/2019 o Tribunal Regional Federal da 1\u00b0 Regi\u00e3o deferiu liminar suspendendo notifica\u00e7\u00f5es realizadas pelo COREN\/DF \u00e0 cl\u00ednica de endoscopia. O juiz federal, Marcelo Pinheiro, fundamentou que: &#8220;Entendo, em an\u00e1lise perfunct\u00f3ria, que assiste raz\u00e3o \u00e0 parte autora, uma vez que\u00a0as atividades desempenhadas pela [&hellip;]<\/p>\n","protected":false},"author":1,"featured_media":0,"comment_status":"closed","ping_status":"open","sticky":false,"template":"","format":"standard","meta":{"ngg_post_thumbnail":0,"footnotes":""},"categories":[2],"tags":[],"class_list":["post-8146","post","type-post","status-publish","format-standard","hentry","category-noticias"],"aioseo_notices":[],"gutentor_comment":0,"_links":{"self":[{"href":"https:\/\/sobedrj.com.br\/novo\/wp-json\/wp\/v2\/posts\/8146","targetHints":{"allow":["GET"]}}],"collection":[{"href":"https:\/\/sobedrj.com.br\/novo\/wp-json\/wp\/v2\/posts"}],"about":[{"href":"https:\/\/sobedrj.com.br\/novo\/wp-json\/wp\/v2\/types\/post"}],"author":[{"embeddable":true,"href":"https:\/\/sobedrj.com.br\/novo\/wp-json\/wp\/v2\/users\/1"}],"replies":[{"embeddable":true,"href":"https:\/\/sobedrj.com.br\/novo\/wp-json\/wp\/v2\/comments?post=8146"}],"version-history":[{"count":1,"href":"https:\/\/sobedrj.com.br\/novo\/wp-json\/wp\/v2\/posts\/8146\/revisions"}],"predecessor-version":[{"id":8148,"href":"https:\/\/sobedrj.com.br\/novo\/wp-json\/wp\/v2\/posts\/8146\/revisions\/8148"}],"wp:attachment":[{"href":"https:\/\/sobedrj.com.br\/novo\/wp-json\/wp\/v2\/media?parent=8146"}],"wp:term":[{"taxonomy":"category","embeddable":true,"href":"https:\/\/sobedrj.com.br\/novo\/wp-json\/wp\/v2\/categories?post=8146"},{"taxonomy":"post_tag","embeddable":true,"href":"https:\/\/sobedrj.com.br\/novo\/wp-json\/wp\/v2\/tags?post=8146"}],"curies":[{"name":"wp","href":"https:\/\/api.w.org\/{rel}","templated":true}]}}