{"id":8168,"date":"2019-09-23T12:05:09","date_gmt":"2019-09-23T12:05:09","guid":{"rendered":"http:\/\/sobedrj.com.br\/novo\/?p=8168"},"modified":"2019-09-24T13:47:26","modified_gmt":"2019-09-24T13:47:26","slug":"cremerj-faz-levantamento-sobre-agressoes-a-medicos","status":"publish","type":"post","link":"https:\/\/sobedrj.com.br\/novo\/2019\/09\/23\/cremerj-faz-levantamento-sobre-agressoes-a-medicos\/","title":{"rendered":"CREMERJ faz levantamento sobre agress\u00f5es a m\u00e9dicos"},"content":{"rendered":"<p>fonte: CREMERJ<\/p>\n<p>O CREMERJ fez um levantamento das notifica\u00e7\u00f5es de casos de agress\u00f5es a m\u00e9dicos, que foram recebidas de dezembro de 2018 a agosto deste ano. Na an\u00e1lise, fica claro que as mulheres foram as mais atingidas, sendo 59% dos epis\u00f3dios, enquanto os homens foram 41%.<\/p>\n<p>Sobre o perfil do agressor, o paciente encabe\u00e7a a lista, aparecendo em 75% das ocorr\u00eancias. J\u00e1 outros m\u00e9dicos (7%), m\u00e9dico\/diretor (6%), chefe de plant\u00e3o\/m\u00e9dico (3%) e outros (9%) surgem em seguida.<\/p>\n<p>Os tipos de viol\u00eancia mais sofrida foram: verbal (57%), ass\u00e9dio moral (14%), por rede social (12%), f\u00edsica (9%) e outros (9%). A maior parte dos casos ocorreu na rede p\u00fablica (69%), sendo 48% na esfera municipal, 19% estadual e 4% federal. Como a sa\u00fade p\u00fablica est\u00e1 deteriorada, este percentual \u00e9 maior. Trinta e um por cento (31%) dos epis\u00f3dios aconteceram na \u00e1rea privada, sendo 29% deles, especificamente, em unidades particulares.<\/p>\n<p>Sessenta por cento (60%) dos m\u00e9dicos agredidos tinham menos de dez anos de formatura e menos de 40 anos de idade. Esse \u00e9 o perfil do m\u00e9dico jovem, de acordo com o Conselho Federal de Medicina (CFM). E \u00e9 a massa que est\u00e1 na linha de frente dos atendimentos, da\u00ed o seu percentual maior. J\u00e1 40% dos profissionais tinham mais de dez anos de formatura e mais de 40 anos de idade.<\/p>\n<p>S\u00f3 na cidade do Rio de Janeiro foram 42 casos de agress\u00f5es a m\u00e9dicos notificados. Avaliando por \u00e1rea, Ramos, M\u00e9ier, Madureira, Inha\u00fama, Penha, Pavuna e Ilha do Governador tiveram 17 registros; Zona Sul e Tijuca, 9; Centro, 6; Jacarepagu\u00e1 e Barra da Tijuca, 7; Bangu, Campo Grande, Santa Cruz e Guaratiba, 1; e outros munic\u00edpios, 29.<\/p>\n<p>De janeiro a maio, foi o per\u00edodo em que o maior n\u00famero de den\u00fancias ocorreu. No total, foram 45 notifica\u00e7\u00f5es recebidas.<\/p>\n<p>\u201cO canal \u201cNotifica\u00e7\u00e3o sobre agress\u00e3o no exerc\u00edcio da Medicina\u201d existe para que os m\u00e9dicos possam notificar o CREMERJ para que esses acontecimentos graves n\u00e3o se percam no dia a dia da Medicina\u201d, destacou o diretor Ricardo Farias, conselheiro respons\u00e1vel pelo projeto.<\/p>\n","protected":false},"excerpt":{"rendered":"<p>fonte: CREMERJ O CREMERJ fez um levantamento das notifica\u00e7\u00f5es de casos de agress\u00f5es a m\u00e9dicos, que foram recebidas de dezembro de 2018 a agosto deste ano. Na an\u00e1lise, fica claro que as mulheres foram as mais atingidas, sendo 59% dos epis\u00f3dios, enquanto os homens foram 41%. Sobre o perfil do agressor, o paciente encabe\u00e7a a [&hellip;]<\/p>\n","protected":false},"author":1,"featured_media":8169,"comment_status":"closed","ping_status":"open","sticky":false,"template":"","format":"standard","meta":{"ngg_post_thumbnail":0,"footnotes":""},"categories":[2],"tags":[],"class_list":["post-8168","post","type-post","status-publish","format-standard","has-post-thumbnail","hentry","category-noticias"],"aioseo_notices":[],"gutentor_comment":0,"_links":{"self":[{"href":"https:\/\/sobedrj.com.br\/novo\/wp-json\/wp\/v2\/posts\/8168","targetHints":{"allow":["GET"]}}],"collection":[{"href":"https:\/\/sobedrj.com.br\/novo\/wp-json\/wp\/v2\/posts"}],"about":[{"href":"https:\/\/sobedrj.com.br\/novo\/wp-json\/wp\/v2\/types\/post"}],"author":[{"embeddable":true,"href":"https:\/\/sobedrj.com.br\/novo\/wp-json\/wp\/v2\/users\/1"}],"replies":[{"embeddable":true,"href":"https:\/\/sobedrj.com.br\/novo\/wp-json\/wp\/v2\/comments?post=8168"}],"version-history":[{"count":1,"href":"https:\/\/sobedrj.com.br\/novo\/wp-json\/wp\/v2\/posts\/8168\/revisions"}],"predecessor-version":[{"id":8170,"href":"https:\/\/sobedrj.com.br\/novo\/wp-json\/wp\/v2\/posts\/8168\/revisions\/8170"}],"wp:featuredmedia":[{"embeddable":true,"href":"https:\/\/sobedrj.com.br\/novo\/wp-json\/wp\/v2\/media\/8169"}],"wp:attachment":[{"href":"https:\/\/sobedrj.com.br\/novo\/wp-json\/wp\/v2\/media?parent=8168"}],"wp:term":[{"taxonomy":"category","embeddable":true,"href":"https:\/\/sobedrj.com.br\/novo\/wp-json\/wp\/v2\/categories?post=8168"},{"taxonomy":"post_tag","embeddable":true,"href":"https:\/\/sobedrj.com.br\/novo\/wp-json\/wp\/v2\/tags?post=8168"}],"curies":[{"name":"wp","href":"https:\/\/api.w.org\/{rel}","templated":true}]}}