{"id":8171,"date":"2019-09-23T12:15:12","date_gmt":"2019-09-23T12:15:12","guid":{"rendered":"http:\/\/sobedrj.com.br\/novo\/?p=8171"},"modified":"2019-09-24T13:47:04","modified_gmt":"2019-09-24T13:47:04","slug":"comunicado-sobed-transformacao-digital","status":"publish","type":"post","link":"https:\/\/sobedrj.com.br\/novo\/2019\/09\/23\/comunicado-sobed-transformacao-digital\/","title":{"rendered":"Comunicado SOBED: transforma\u00e7\u00e3o digital"},"content":{"rendered":"<p>fonte: SOBED<\/p>\n<p>SOBEDiano,<\/p>\n<p>Recentemente, encaminhamos um comunicado sobre o investimento da SOBED na nova plataforma de TI.<\/p>\n<p>Esse foi um grande passo da gest\u00e3o, reunindo a praticidade e a modernidade que o Especialista precisa para o seu dia a dia.<\/p>\n<p>Estamos buscando o que h\u00e1 de melhor para oferecer a voc\u00ea, que \u00e9 a raz\u00e3o de ser da sociedade. E come\u00e7amos a contar a hist\u00f3ria desta transforma\u00e7\u00e3o digital a partir de hoje.<\/p>\n<p>Voc\u00ea deve ter percebido que houve uma pequena mudan\u00e7a no layout do site. Estaremos trabalhando provisoriamente nesse modelo para que a SOBED n\u00e3o pare enquanto constru\u00edmos um portal sob medida.<\/p>\n<p>Nossa Diretoria considera voc\u00ea como parte dessa hist\u00f3ria. Em breve voc\u00ea receber\u00e1 um convite para participar de uma pesquisa, nos ajudando a decidir o que \u00e9 mais atrativo e como gostaria de ver assuntos referentes ao conte\u00fado cient\u00edfico, \u00e9tica e defesa profissional, cursos e eventos, prova, centros de treinamento e todos os outros benef\u00edcios que oferecemos ao nosso associado SOBED.<\/p>\n<p>Acompanhe nossas m\u00eddias e newsletters para saber como anda nosso novo site.<\/p>\n<p>\u00c9 a SOBED Nacional trabalhando para a melhoria cont\u00ednua e a valoriza\u00e7\u00e3o do Especialista da Endoscopia Digestiva.<\/p>\n<p>Um forte abra\u00e7o!<\/p>\n<p><a href=\"http:\/\/sobedrj.com.br\/novo\/wp-content\/uploads\/2019\/09\/assinaturas_sobed.png\" rel=\"lightbox[8171]\"><img loading=\"lazy\" decoding=\"async\" class=\"alignleft size-full wp-image-8172\" src=\"http:\/\/sobedrj.com.br\/novo\/wp-content\/uploads\/2019\/09\/assinaturas_sobed.png\" alt=\"\" width=\"300\" height=\"93\" \/><\/a><\/p>\n","protected":false},"excerpt":{"rendered":"<p>fonte: SOBED SOBEDiano, Recentemente, encaminhamos um comunicado sobre o investimento da SOBED na nova plataforma de TI. Esse foi um grande passo da gest\u00e3o, reunindo a praticidade e a modernidade que o Especialista precisa para o seu dia a dia. Estamos buscando o que h\u00e1 de melhor para oferecer a voc\u00ea, que \u00e9 a raz\u00e3o [&hellip;]<\/p>\n","protected":false},"author":1,"featured_media":506,"comment_status":"closed","ping_status":"open","sticky":false,"template":"","format":"standard","meta":{"ngg_post_thumbnail":0,"footnotes":""},"categories":[2],"tags":[],"class_list":["post-8171","post","type-post","status-publish","format-standard","has-post-thumbnail","hentry","category-noticias"],"aioseo_notices":[],"gutentor_comment":0,"_links":{"self":[{"href":"https:\/\/sobedrj.com.br\/novo\/wp-json\/wp\/v2\/posts\/8171","targetHints":{"allow":["GET"]}}],"collection":[{"href":"https:\/\/sobedrj.com.br\/novo\/wp-json\/wp\/v2\/posts"}],"about":[{"href":"https:\/\/sobedrj.com.br\/novo\/wp-json\/wp\/v2\/types\/post"}],"author":[{"embeddable":true,"href":"https:\/\/sobedrj.com.br\/novo\/wp-json\/wp\/v2\/users\/1"}],"replies":[{"embeddable":true,"href":"https:\/\/sobedrj.com.br\/novo\/wp-json\/wp\/v2\/comments?post=8171"}],"version-history":[{"count":1,"href":"https:\/\/sobedrj.com.br\/novo\/wp-json\/wp\/v2\/posts\/8171\/revisions"}],"predecessor-version":[{"id":8173,"href":"https:\/\/sobedrj.com.br\/novo\/wp-json\/wp\/v2\/posts\/8171\/revisions\/8173"}],"wp:featuredmedia":[{"embeddable":true,"href":"https:\/\/sobedrj.com.br\/novo\/wp-json\/wp\/v2\/media\/506"}],"wp:attachment":[{"href":"https:\/\/sobedrj.com.br\/novo\/wp-json\/wp\/v2\/media?parent=8171"}],"wp:term":[{"taxonomy":"category","embeddable":true,"href":"https:\/\/sobedrj.com.br\/novo\/wp-json\/wp\/v2\/categories?post=8171"},{"taxonomy":"post_tag","embeddable":true,"href":"https:\/\/sobedrj.com.br\/novo\/wp-json\/wp\/v2\/tags?post=8171"}],"curies":[{"name":"wp","href":"https:\/\/api.w.org\/{rel}","templated":true}]}}