{"id":8200,"date":"2019-09-30T19:14:24","date_gmt":"2019-09-30T19:14:24","guid":{"rendered":"http:\/\/sobedrj.com.br\/novo\/?p=8200"},"modified":"2019-10-02T19:39:18","modified_gmt":"2019-10-02T19:39:18","slug":"aumenta-a-gestao-terceirizada-da-saude-publica-nos-municipios-do-brasil-diz-ibge","status":"publish","type":"post","link":"https:\/\/sobedrj.com.br\/novo\/2019\/09\/30\/aumenta-a-gestao-terceirizada-da-saude-publica-nos-municipios-do-brasil-diz-ibge\/","title":{"rendered":"Aumenta a gest\u00e3o terceirizada da sa\u00fade p\u00fablica nos munic\u00edpios do Brasil, diz IBGE"},"content":{"rendered":"<p>fonte: G1<\/p>\n<p>Aumentou a gest\u00e3o terceirizada de unidades de sa\u00fade dos munic\u00edpios brasileiros nos \u00faltimos quatro anos. Em 2018, os estabelecimentos de sa\u00fade municipais administrados por entidades privadas eram 13,2%, enquanto em 2014 eram 10,6%. Os dados s\u00e3o da Pesquisa de Informa\u00e7\u00f5es B\u00e1sicas Estaduais (Estadic) divulgada nesta quarta-feira (25) pelo Instituto Brasileiro de Geografia e Estat\u00edstica (IBGE).<\/p>\n<p>No total, h\u00e1 3.013 estabelecimentos municipais de sa\u00fade administrados por terceiros. Isso quer dizer que, nesses casos, os servi\u00e7os p\u00fablicos de sa\u00fade no munic\u00edpio s\u00e3o garantidos por uma entidade n\u00e3o governamental (ONGs, institui\u00e7\u00f5es filantr\u00f3picas, santas casas, empresas, associa\u00e7\u00f5es e outras entidades do Terceiro Setor, por exemplo).<\/p>\n<p>De todos os 5.570 munic\u00edpios do Brasil, 93,2% tinham estabelecimentos de sa\u00fade sob sua responsabilidade, em 2018. Esse n\u00famero tamb\u00e9m aumentou em rela\u00e7\u00e3o a 2014, quando os munic\u00edpios co estabelecimentos de sa\u00fade sob sua responsabilidade somavam 88,8% do total.<\/p>\n<p>Esse dado inclui tanto as unidades de sa\u00fade com gest\u00e3o pr\u00f3pria quanto aquelas terceirizada. Mesmo quando a gest\u00e3o \u00e9 terceirizada, o servi\u00e7o de sa\u00fade continua sendo responsabilidade do munic\u00edpio. De acordo com a Constitui\u00e7\u00e3o brasileira, os munic\u00edpios compartilham com os Estados e a Uni\u00e3o o dever de &#8220;cuidar da sa\u00fade e assist\u00eancia p\u00fablica&#8221;.<\/p>\n<p>O relat\u00f3rio diz, ainda, que:<\/p>\n<ul class=\"content-unordered-list\">\n<li>Cidades com\u00a0<strong>grande popula\u00e7\u00e3o<\/strong>\u00a0terceirizam mais;<\/li>\n<li><strong>Regi\u00f5es Sul e Sudeste<\/strong>\u00a0usam mais da gest\u00e3o privada;<\/li>\n<li>A maioria dos\u00a0<strong>secret\u00e1rios de sa\u00fade estaduais<\/strong>\u00a0\u00e9 de homens;<\/li>\n<li>As mulheres s\u00e3o maioria na gest\u00e3o dos\u00a0<strong>programas de assist\u00eancia social<\/strong>.<\/li>\n<\/ul>\n<div class=\"mc-column content-text active-extra-styles\" data-block-type=\"raw\" data-block-weight=\"4\" data-block-id=\"10\">\n<div class=\"content-intertitle\">\n<h2>Cidades maiores terceirizam mais<\/h2>\n<\/div>\n<p>Segundo o IBGE, as cidades mais populosas s\u00e3o aquelas com mais unidades administradas por terceiros. Nos munic\u00edpios com at\u00e9 5 mil habitantes, 65% dos estabelecimentos municipais de sa\u00fade terceirizados eram administrados por cons\u00f3rcios p\u00fablicos, enquanto naqueles com popula\u00e7\u00e3o acima de 500 mil habitantes, esse trabalho \u00e9 realizado majoritariamente por organiza\u00e7\u00f5es sociais (83,3%).<\/p>\n<p>Dos 3.013 establecimentos sob responsabilidade municipal administrados por terceiros:<\/p>\n<ul class=\"content-unordered-list\">\n<li>58,3% s\u00e3o gerenciados por organiza\u00e7\u00f5es sociais;<\/li>\n<li>15,0%, por empresas privadas;<\/li>\n<li>11,0%, por cons\u00f3rcios p\u00fablicos;<\/li>\n<li>9,4%, por funda\u00e7\u00f5es.<\/li>\n<\/ul>\n<div class=\"mc-column content-text active-extra-styles\" data-block-type=\"raw\" data-block-weight=\"4\" data-block-id=\"14\">\n<div class=\"content-intertitle\">\n<h2>Sul e Sudeste prevalecem<\/h2>\n<\/div>\n<\/div>\n<div class=\"mc-column content-text active-extra-styles \" data-block-type=\"unstyled\" data-block-weight=\"52\" data-block-id=\"15\">\n<div class=\"mc-column content-text active-extra-styles \" data-block-type=\"unstyled\" data-block-weight=\"52\" data-block-id=\"15\">\n<p data-track-category=\"Link no Texto\" data-track-links=\"\">Dos 3.013 estabelecimentos municipais de sa\u00fade administrados por terceiros, 72,4% situavam-se na Regi\u00e3o Sudeste, especialmente no estado de S\u00e3o Paulo. Eles correspondem a 47,3% do total de estabelecimentos terceirizados. As organiza\u00e7\u00f5es sociais eram respons\u00e1veis por 72,8% dos estabelecimentos administrados por terceiros; as empresas privadas, por 9,9%; e os cons\u00f3rcios p\u00fablicos, por 8,1%.<\/p>\n<\/div>\n<div class=\"mc-column content-text active-extra-styles \" data-block-type=\"unstyled\" data-block-weight=\"47\" data-block-id=\"16\">\n<div class=\"mc-column content-text active-extra-styles \" data-block-type=\"unstyled\" data-block-weight=\"47\" data-block-id=\"16\">\n<p data-track-category=\"Link no Texto\" data-track-links=\"\">A Regi\u00e3o Sul abrange 15,2% dos estabelecimentos terceirizados, enquanto a Regi\u00e3o Nordeste, 8,0%. A distribui\u00e7\u00e3o dos estabelecimentos municipais de sa\u00fade administrados por terceiros era mais diversificada na Regi\u00e3o Sul, sendo 37,6% geridos por funda\u00e7\u00f5es; 22,1%, por empresas privadas; 18,2%, por organiza\u00e7\u00f5es sociais; e 14,7%, por cons\u00f3rcios p\u00fablicos.<\/p>\n<div class=\"mc-column content-text active-extra-styles\" data-block-type=\"raw\" data-block-weight=\"9\" data-block-id=\"19\">\n<div class=\"content-intertitle\">\n<h2>Homens s\u00e3o maioria entre os secret\u00e1rios de sa\u00fade estaduais<\/h2>\n<\/div>\n<p>De acordo com a parte do relat\u00f3rio do IBGE que se refere aos estados e ao Distrito Federal, todas as unidades da federa\u00e7\u00e3o (UFs) tinham secretaria de sa\u00fade excluisva respons\u00e1vel pela gest\u00e3o da \u00e1rea (em 208).<\/p>\n<p>A maior parte dos secret\u00e1rios eram do s\u00e9culo masculino: 25. As exce\u00e7\u00f5es eram Para\u00edba e Mato Grosso. Quase todos os secret\u00e1rios (25) conclu\u00edram o ensino superior completo. E 12 deles tinham forma\u00e7\u00e3o m\u00e9dia.<\/p>\n<div class=\"mc-column content-text active-extra-styles \" data-block-type=\"unstyled\" data-block-weight=\"21\" data-block-id=\"22\">\n<p data-track-category=\"Link no Texto\" data-track-links=\"\">&#8220;Todas as UFs contavam com plano diretor de regionaliza\u00e7\u00e3o, plano estadual de sa\u00fade e fundo estadual de sa\u00fade&#8221;, afirma o relat\u00f3rio.<\/p>\n<\/div>\n<div class=\"mc-column content-text active-extra-styles \" data-block-type=\"unstyled\" data-block-weight=\"39\" data-block-id=\"23\">\n<p data-track-category=\"Link no Texto\" data-track-links=\"\">Entre os estados que terceirizam a gest\u00e3o dos estabelecimentos p\u00fablicos de sa\u00fade, 15 tinham como administrador organiza\u00e7\u00f5es sociais. Rond\u00f4nia, Roraima, Tocantins, Rio Grande do Norte, Alagoas, Sergipe e Minas Gerais declararam n\u00e3o ter estabelecimentos de sa\u00fade administrados por terceiros.<\/p>\n<\/div>\n<div class=\"mc-column content-text active-extra-styles\" data-block-type=\"raw\" data-block-weight=\"6\" data-block-id=\"24\">\n<div class=\"content-intertitle\">\n<h2>Mulheres s\u00e3o maioria na assist\u00eancia social<\/h2>\n<\/div>\n<\/div>\n<div class=\"mc-column content-text active-extra-styles \" data-block-type=\"unstyled\" data-block-weight=\"29\" data-block-id=\"25\">\n<p data-track-category=\"Link no Texto\" data-track-links=\"\">Por outro lado, as mulheres prevalecem na gest\u00e3o da assist\u00eancia social dos estados. Em 2018, todas as Unidades da Federa\u00e7\u00e3o tinham algum tipo de estrutura para assist\u00eancia social.<\/p>\n<\/div>\n<div class=\"mc-column content-text active-extra-styles \" data-block-type=\"unstyled\" data-block-weight=\"28\" data-block-id=\"26\">\n<p data-track-category=\"Link no Texto\" data-track-links=\"\">No Acre, Amazonas, Alagoas e S\u00e3o Paulo, o IBGE identificou estruturas exclusivamente dedicadas \u00e0 assist\u00eancia social. Nas demais UFs, a assist\u00eancia \u00e9 uma parte de outras pol\u00edticas p\u00fablicas.<\/p>\n<\/div>\n<\/div>\n<\/div>\n<\/div>\n<\/div>\n<\/div>\n","protected":false},"excerpt":{"rendered":"<p>fonte: G1 Aumentou a gest\u00e3o terceirizada de unidades de sa\u00fade dos munic\u00edpios brasileiros nos \u00faltimos quatro anos. Em 2018, os estabelecimentos de sa\u00fade municipais administrados por entidades privadas eram 13,2%, enquanto em 2014 eram 10,6%. Os dados s\u00e3o da Pesquisa de Informa\u00e7\u00f5es B\u00e1sicas Estaduais (Estadic) divulgada nesta quarta-feira (25) pelo Instituto Brasileiro de Geografia e [&hellip;]<\/p>\n","protected":false},"author":1,"featured_media":0,"comment_status":"closed","ping_status":"open","sticky":false,"template":"","format":"standard","meta":{"ngg_post_thumbnail":0,"footnotes":""},"categories":[2],"tags":[],"class_list":["post-8200","post","type-post","status-publish","format-standard","hentry","category-noticias"],"aioseo_notices":[],"gutentor_comment":0,"_links":{"self":[{"href":"https:\/\/sobedrj.com.br\/novo\/wp-json\/wp\/v2\/posts\/8200","targetHints":{"allow":["GET"]}}],"collection":[{"href":"https:\/\/sobedrj.com.br\/novo\/wp-json\/wp\/v2\/posts"}],"about":[{"href":"https:\/\/sobedrj.com.br\/novo\/wp-json\/wp\/v2\/types\/post"}],"author":[{"embeddable":true,"href":"https:\/\/sobedrj.com.br\/novo\/wp-json\/wp\/v2\/users\/1"}],"replies":[{"embeddable":true,"href":"https:\/\/sobedrj.com.br\/novo\/wp-json\/wp\/v2\/comments?post=8200"}],"version-history":[{"count":1,"href":"https:\/\/sobedrj.com.br\/novo\/wp-json\/wp\/v2\/posts\/8200\/revisions"}],"predecessor-version":[{"id":8201,"href":"https:\/\/sobedrj.com.br\/novo\/wp-json\/wp\/v2\/posts\/8200\/revisions\/8201"}],"wp:attachment":[{"href":"https:\/\/sobedrj.com.br\/novo\/wp-json\/wp\/v2\/media?parent=8200"}],"wp:term":[{"taxonomy":"category","embeddable":true,"href":"https:\/\/sobedrj.com.br\/novo\/wp-json\/wp\/v2\/categories?post=8200"},{"taxonomy":"post_tag","embeddable":true,"href":"https:\/\/sobedrj.com.br\/novo\/wp-json\/wp\/v2\/tags?post=8200"}],"curies":[{"name":"wp","href":"https:\/\/api.w.org\/{rel}","templated":true}]}}