{"id":8357,"date":"2019-10-21T11:01:57","date_gmt":"2019-10-21T11:01:57","guid":{"rendered":"http:\/\/sobedrj.com.br\/novo\/?p=8357"},"modified":"2019-10-22T12:07:43","modified_gmt":"2019-10-22T12:07:43","slug":"politica-de-combate-ao-cancer-ainda-e-insuficiente-no-brasil","status":"publish","type":"post","link":"https:\/\/sobedrj.com.br\/novo\/2019\/10\/21\/politica-de-combate-ao-cancer-ainda-e-insuficiente-no-brasil\/","title":{"rendered":"Pol\u00edtica de combate ao c\u00e2ncer ainda \u00e9 insuficiente no Brasil"},"content":{"rendered":"<p>fonte: O Globo<\/p>\n<p data-bind=\"text: $data\">No Brasil, o combate ao c\u00e2ncer \u00e9 um na teoria e outro na pr\u00e1tica. \u00c9 o que especialistas conclu\u00edram ao analisar o ranking elaborado pela revista \u201cThe Economist\u201d que mede o preparo dos principais pa\u00edses da Am\u00e9rica Latina para lidar com a doen\u00e7a. O \u00edndice, apresentado no f\u00f3rum \u201cWar on Cancer\u201d, realizado neste m\u00eas na Cidade do M\u00e9xico, mostra queoBrasilocupaotopodalista na pontua\u00e7\u00e3o geral, sendo, portanto, o mais preparado entre as 12 na\u00e7\u00f5es estudadas. No entanto, h\u00e1 uma \u201cpegadinha\u201d: o pa\u00eds pontua bem nos aspectos relacionados a planejamento (94,4 pontos, num total de 100) e presta\u00e7\u00e3o de cuidados de sa\u00fade (84,1) \u2014que envolvem registros nacionais de c\u00e2ncer, controle do tabaco e vacina\u00e7\u00e3o \u2014, mas vai mal em itens relacionados a governan\u00e7a (54,1), basicamente a\u00e7\u00e3o pol\u00edtica e atua\u00e7\u00e3o intersetorial. \u2014 Fico at\u00e9 triste, porque o ranking passa a impress\u00e3o de queagenteest\u00e1melhordoque a realidade \u2014 afirmou Maira Caleffi, presidente da Federa\u00e7\u00e3o Brasileira de Institui\u00e7\u00f5es Filantr\u00f3picas de Apoio \u00e0 Sa\u00fade da Mama (Femama), durante o f\u00f3rum: \u2014 O Brasil j\u00e1 tem uma estrutura de cobertura universal, e isso \u00e9 \u00f3timo, \u00e9 mais do que a maioria dos nossos vizinhos. S\u00f3 n\u00e3o conseguimos fazer a paciente ir do posto at\u00e9 o diagn\u00f3stico, e da\u00ed at\u00e9 o tratamento, t\u00e3o rapidamente quanto ela precisa.<\/p>\n<p data-bind=\"text: $data\">EM RITMO LENTO<\/p>\n<p data-bind=\"text: $data\">Dados levantados pela \u201cEconomist\u201d indicam algumas barreiras: dos 12 pa\u00edses analisados, o Brasil foi o \u00fanico onde, nos \u00faltimos dez anos, os pacientes n\u00e3o diminu\u00edram seus gastos pessoais com exames e tratamentos; entre 2007 e 2016, o investimento do governo federal em sa\u00fade teve aumento pr\u00f3ximo de zero; e o pa\u00eds investe menos na \u00e1rea do que os 5% do PIB recomendados pela ONU \u2014 na regi\u00e3o, apenas Uruguai, Chile, Costa Rica e Argentina investem percentual maior. Emmeio ao Outubro Rosa, o c\u00e2ncer de mama \u00e9 um bom exemplo desse cen\u00e1rio: embora haja bons centros de tratamento, mastologistas e regulamenta\u00e7\u00f5es m\u00e9dicas espec\u00edficas, h\u00e1 tamb\u00e9m uma enorme demora para realizar diagn\u00f3sticos e come\u00e7ara tratar. Em 2018, ao descobrir um c\u00e2ncer de mama aos 27 anos, Karen Stephanie Oliveira teve a primeira consulta pelo Sistema \u00danico de Sa\u00fade (SUS) marcada somente para dois meses depois do diagn\u00f3stico. Com receio de esperar tanto tempo, ela fez consultas e at\u00e9 cirurgia na rede privada. Quando chegou \u00e0 consulta do SUS, j\u00e1 estava pronta para seguir tratamento com quimioterapia e, depois, radioterapia. \u2014 Senti que cortei um atalho. Mas nem todas as pessoas podem pagar. Tive muita sorte de ter condi\u00e7\u00f5es de fazer tudo muito r\u00e1pido. Com certeza fez toda a diferen\u00e7a \u2014diz ela, que, antes do diagn\u00f3stico, ouviu de duas ginecologistas que deveria esperar, porque era poss\u00edvel que o n\u00f3dulo sumisse. Foi o namora doque insisti up araque ela procurasse outro m\u00e9dico.<\/p>\n<p data-bind=\"text: $data\">CHANCES DE CURA<\/p>\n<p data-bind=\"text: $data\">Segundo a presidente da Femama, um diagn\u00f3stico na fase inicial do tumor aumenta as chances de cura em 95%. No entanto, ela afirma que metade das brasileiras que desenvolvem a doen\u00e7a recebem o diagn\u00f3stico em fase avan\u00e7ada. \u2014Tratar tumor avan\u00e7ado \u00e9 complexo e caro. O Brasil n\u00e3o tem e n\u00e3o vai ter dinheiro para isso. Temos que investir na preven\u00e7\u00e3o e no diagn\u00f3stico o mais precoce poss\u00edvel. S\u00f3 assim reduziremos a mortalidade \u2014diz Maira.<\/p>\n<p data-bind=\"text: $data\">O Instituto Nacional do C\u00e2ncer (Inca) estima que neste ano sejam identificados cerca de 60 mil novos casos de c\u00e2ncer de mama no pa\u00eds. A doen\u00e7a representa a primeira causa de morte por c\u00e2ncer na popula\u00e7\u00e3ofemininabrasileira, com 13 \u00f3bitos por cada 100 mil mulheres em 2017 \u2014 dados dispon\u00edveis mais recentes. O Uruguai, terceiro no ranking da \u201cEconomist\u201d (veja ao lado), \u00e9 tido por especialistas como exemplo na Am\u00e9rica Latina de melhorias aceleradasnaformadecombateradoen\u00e7a. Desde 2008, o pa\u00eds tem um sistema integrado de sa\u00fade baseado no modelo de aten\u00e7\u00e3o de pa\u00edses n\u00f3rdicos. Al\u00edcia Ferreira Maia, diretora do Fundo Nacional de Recursos do Uruguai, respons\u00e1vel por alocar investimentos no sistema universal de sa\u00fade do pa\u00eds, destaca a decis\u00e3o pol\u00edtica de se investir em Sa\u00fade:<\/p>\n<p data-bind=\"text: $data\">\u2014 No Uruguai, existe um consenso: sa\u00fade \u00e9 pol\u00edtica de Estado. Hoje, o pa\u00eds tem um d\u00e9ficit fiscal alto, de 5,5%. Mas houve uma escolha de n\u00e3o retirar gastos de projetos sociais e de sa\u00fade.<\/p>\n<p data-bind=\"text: $data\">Ela opina que, apesar da for\u00e7a do SUS, a Lei do Teto de Gastos \u2014que congela o limite m\u00e1ximo de investimento em sa\u00fade e educa\u00e7\u00e3o por 20 anos \u2014deveria ser revista.<\/p>\n<p data-bind=\"text: $data\">\u201cTratar tumor avan\u00e7ado \u00e9 complexo e caro. O Brasil n\u00e3o tem dinheiro para isso. Temos que investir na _ preven\u00e7\u00e3o\u201d<\/p>\n<p data-bind=\"text: $data\">Maira Caleffi, presidente da Femama<\/p>\n<p data-bind=\"text: $data\">O QUE DIZ O GOVERNO<\/p>\n<p data-bind=\"text: $data\">O Minist\u00e9rio da Sa\u00fade informou, em nota, que averba para controle do c\u00e2ncer no SUS dobrou de 2010 (R$ 2,2 bilh\u00f5es) para o ano passado (R$ 4,4 bilh\u00f5es ). A indano comunicado,afirmou que at\u00e9 agosto deste ano j\u00e1 foram gastos R$ 3,7 bilh\u00f5es. Tamb\u00e9m listou 309 estabelecimentos do SUS especializados em oncologia e todos os programas voltados ao tratamento da doen\u00e7a.<\/p>\n<p data-bind=\"text: $data\">\u201cNo Uruguai, existe um consenso: sa\u00fade \u00e9 pol\u00edtica de Estado. H\u00e1 15 anos, priorizamos o financiamento da sa\u00fade\u201d, diz Al\u00edcia Maia, diretora do Fundo de Recursos do Uruguai<\/p>\n","protected":false},"excerpt":{"rendered":"<p>fonte: O Globo No Brasil, o combate ao c\u00e2ncer \u00e9 um na teoria e outro na pr\u00e1tica. \u00c9 o que especialistas conclu\u00edram ao analisar o ranking elaborado pela revista \u201cThe Economist\u201d que mede o preparo dos principais pa\u00edses da Am\u00e9rica Latina para lidar com a doen\u00e7a. O \u00edndice, apresentado no f\u00f3rum \u201cWar on Cancer\u201d, realizado [&hellip;]<\/p>\n","protected":false},"author":1,"featured_media":0,"comment_status":"closed","ping_status":"open","sticky":false,"template":"","format":"standard","meta":{"ngg_post_thumbnail":0,"footnotes":""},"categories":[2],"tags":[],"class_list":["post-8357","post","type-post","status-publish","format-standard","hentry","category-noticias"],"aioseo_notices":[],"gutentor_comment":0,"_links":{"self":[{"href":"https:\/\/sobedrj.com.br\/novo\/wp-json\/wp\/v2\/posts\/8357","targetHints":{"allow":["GET"]}}],"collection":[{"href":"https:\/\/sobedrj.com.br\/novo\/wp-json\/wp\/v2\/posts"}],"about":[{"href":"https:\/\/sobedrj.com.br\/novo\/wp-json\/wp\/v2\/types\/post"}],"author":[{"embeddable":true,"href":"https:\/\/sobedrj.com.br\/novo\/wp-json\/wp\/v2\/users\/1"}],"replies":[{"embeddable":true,"href":"https:\/\/sobedrj.com.br\/novo\/wp-json\/wp\/v2\/comments?post=8357"}],"version-history":[{"count":1,"href":"https:\/\/sobedrj.com.br\/novo\/wp-json\/wp\/v2\/posts\/8357\/revisions"}],"predecessor-version":[{"id":8359,"href":"https:\/\/sobedrj.com.br\/novo\/wp-json\/wp\/v2\/posts\/8357\/revisions\/8359"}],"wp:attachment":[{"href":"https:\/\/sobedrj.com.br\/novo\/wp-json\/wp\/v2\/media?parent=8357"}],"wp:term":[{"taxonomy":"category","embeddable":true,"href":"https:\/\/sobedrj.com.br\/novo\/wp-json\/wp\/v2\/categories?post=8357"},{"taxonomy":"post_tag","embeddable":true,"href":"https:\/\/sobedrj.com.br\/novo\/wp-json\/wp\/v2\/tags?post=8357"}],"curies":[{"name":"wp","href":"https:\/\/api.w.org\/{rel}","templated":true}]}}