{"id":8363,"date":"2019-10-21T11:09:29","date_gmt":"2019-10-21T11:09:29","guid":{"rendered":"http:\/\/sobedrj.com.br\/novo\/?p=8363"},"modified":"2019-10-22T12:07:34","modified_gmt":"2019-10-22T12:07:34","slug":"estudo-associa-crise-economica-ao-aumento-de-31-mil-mortes-no-brasil","status":"publish","type":"post","link":"https:\/\/sobedrj.com.br\/novo\/2019\/10\/21\/estudo-associa-crise-economica-ao-aumento-de-31-mil-mortes-no-brasil\/","title":{"rendered":"Estudo associa crise econ\u00f4mica ao aumento de 31 mil mortes no Brasil"},"content":{"rendered":"<p>fonte: Folha de SP<\/p>\n<p>A recess\u00e3o econ\u00f4mica brasileira est\u00e1 associada a um\u00a0aumento de 4,3% na taxa de mortalidade adulta entre 2012 e 2017. Em n\u00fameros absolutos, isso significaria 31.415 mortes a mais relacionadas \u00e0 crise, segundo artigo rec\u00e9m-publicado no renomado\u00a0<a href=\"https:\/\/www.thelancet.com\/journals\/langlo\/article\/PIIS2214-109X(19)30409-7\/fulltext\">peri\u00f3dico\u00a0cient\u00edfico The\u00a0Lancet Global Health<\/a>.<\/p>\n<p>Pesquisadores do Brasil e do Reino Unido, autores do estudo,\u00a0examinaram as taxas de mortalidade em 5.565 munic\u00edpios brasileiros nesse per\u00edodo e cruzaram com dados do\u00a0Minist\u00e9rio da Sa\u00fade, do IBGE (Instituto Brasileiro de\u00a0Geografia e Estat\u00edstica), do Minist\u00e9rio do Desenvolvimento Social e Combate \u00e0 Fome e do Sistema de Informa\u00e7\u00e3o\u00a0Or\u00e7amento P\u00fablico em Sa\u00fade.<\/p>\n<p>Um aumento de um ponto percentual na taxa de desemprego foi associado a um crescimento da taxa de mortalidade de 0,5 por 100 mil habitantes por todas as causas, principalmente em raz\u00e3o do c\u00e2ncer e de doen\u00e7as cardiovasculares.<\/p>\n<p>O crescimento da mortalidade por todas as causas foi observado mais entre homens, entre os que se autodeclaram negros ou pardos e entre pessoas com idades entre 30 a 59 anos. N\u00e3o houve associa\u00e7\u00e3o significativa identificada entre o desemprego e a mortalidade em brasileiros brancos, mulheres, adolescentes, idosos e aposentados.<\/p>\n<p>Nem todos os munic\u00edpios\u00a0do Brasil foram afetados negativamente pela recess\u00e3o. Cidades\u00a0com maiores gastos no SUS e no Bolsa Fam\u00edlia apresentaram nenhum ou aumentos menores na mortalidade, revela o\u00a0estudo.<\/p>\n<p>Outros trabalhos internacionais j\u00e1 mostraram que as crises econ\u00f4micas podem piorar a sa\u00fade em pa\u00edses de baixa e m\u00e9dia renda com\u00a0mercados de trabalho e sistemas de sa\u00fade e prote\u00e7\u00e3o social fracos. Na Europa, por exemplo, o\u00a0impacto da recess\u00e3o econ\u00f4mica foi menor em pa\u00edses com fortes programas de sa\u00fade e prote\u00e7\u00e3o social, incluindo acesso a seguro-desemprego e apoio \u00e0 reciclagem de habilidades para as pessoas que perdem seus postos de trabalho.<\/p>\n<p>Como no Brasil muitos brasileiros est\u00e3o inseridos informalmente no mercado de trabalho, em empregos mal remunerados e sem acesso a seguro-desemprego\u00a0ou plano de\u00a0sa\u00fade, os autores afirmam que \u00e9 crucial que o financiamento do SUS e programas de prote\u00e7\u00e3o social como o Bolsa Fam\u00edlia sejam protegidos.<\/p>\n<p>\u201cEsses programas s\u00e3o reconhecidos internacionalmente e fornecem prote\u00e7\u00e3o vital para a sa\u00fade e o bem-estar do pa\u00eds\u201d, disse\u00a0Thomas Hone,\u00a0autor principal do estudo, do Imperial College London.<\/p>\n<p>Para o m\u00e9dico Luis\u00a0Correa, especialista em medicina baseada em evid\u00eancias, as\u00a0an\u00e1lises adicionais do trabalho (como o perfil de\u00a0pessoas e de\u00a0munic\u00edpios mais afetados pela recess\u00e3o)\u00a0refor\u00e7am a causalidade\u00a0entre a crise e o aumento de mortes. &#8220;Se fosse apenas a demonstra\u00e7\u00e3o de que houve aumento de mortalidade\u00a0na crise econ\u00f4mica, ficaria muito fraco.&#8221;<\/p>\n<p>O estudo, realizado como parte de um programa conjunto Brasil-Reino Unido de pesquisa sobre o sistema de sa\u00fade brasileiro, joga luz em um velho debate entre os analistas econ\u00f4micos. Parte deles defende que, numa recess\u00e3o econ\u00f4mica, \u00e9 preciso cortar tudo.<\/p>\n<p>O ajuste fiscal foi o amargo rem\u00e9dio adotado pela ent\u00e3o presidente Dilma Roussef (PT) na crise de 2014. Em 2016, Michel Temer aprovou a emenda constitucional 95, que congelou os gastos p\u00fablicos federais por 20 anos,\u00a0ou seja, s\u00f3 devem crescer apenas de acordo com a infla\u00e7\u00e3o do per\u00edodo.<\/p>\n<p>Outros economistas defendem que, quando h\u00e1 alta do desemprego, \u00e9 preciso manter os gastos sociais para proteger as popula\u00e7\u00f5es mais vulner\u00e1veis.<\/p>\n<p>Hoje resta pouca d\u00favida de que a\u00a0EC 95 representa uma grave amea\u00e7a ao SUS, sistema cronicamente subfinanciado\u00a0e que tem visto seus recursos minguarem cada vez mais.\u00a0Quando\u00a0a emenda\u00a0foi aprovada, a equipe econ\u00f4mica da \u00e9poca garantiu que n\u00e3o haveria perdas para a sa\u00fade, mas basta comparar as previs\u00f5es or\u00e7ament\u00e1rias que o engodo fica claro.<\/p>\n<p>Pela regra anterior \u00e0 EC 95, o or\u00e7amento da sa\u00fade para 2020 deveria ser de 132,3 bilh\u00f5es, mas segundo projeto enviado para o Congresso pelo governo de Jair Bolsonaro (PSL), o montante dever\u00e1 ser de 122,9 bilh\u00f5es, ou seja, nove bilh\u00f5es a menos.<\/p>\n<p>Ainda assim,\u00a0<a href=\"https:\/\/www1.folha.uol.com.br\/cotidiano\/2019\/09\/orcamento-2020-da-saude-depende-de-emendas-para-chegar-ao-valor-minimo.shtml?loggedpaywall\">R$ 8,1 bilh\u00f5es desse montante s\u00e3o recursos provenientes de emendas parlamentares<\/a>, dinheiro que deputados e senadores destinam a suas bases eleitorais. Sem eles, o Or\u00e7amento do pr\u00f3ximo ano n\u00e3o alcan\u00e7ar\u00e1 o m\u00ednimo constitucional a ser aplicado na \u00e1rea, estimado em R$ 121,2 bilh\u00f5es.<\/p>\n","protected":false},"excerpt":{"rendered":"<p>fonte: Folha de SP A recess\u00e3o econ\u00f4mica brasileira est\u00e1 associada a um\u00a0aumento de 4,3% na taxa de mortalidade adulta entre 2012 e 2017. Em n\u00fameros absolutos, isso significaria 31.415 mortes a mais relacionadas \u00e0 crise, segundo artigo rec\u00e9m-publicado no renomado\u00a0peri\u00f3dico\u00a0cient\u00edfico The\u00a0Lancet Global Health. Pesquisadores do Brasil e do Reino Unido, autores do estudo,\u00a0examinaram as taxas [&hellip;]<\/p>\n","protected":false},"author":1,"featured_media":0,"comment_status":"closed","ping_status":"open","sticky":false,"template":"","format":"standard","meta":{"ngg_post_thumbnail":0,"footnotes":""},"categories":[2],"tags":[],"class_list":["post-8363","post","type-post","status-publish","format-standard","hentry","category-noticias"],"aioseo_notices":[],"gutentor_comment":0,"_links":{"self":[{"href":"https:\/\/sobedrj.com.br\/novo\/wp-json\/wp\/v2\/posts\/8363","targetHints":{"allow":["GET"]}}],"collection":[{"href":"https:\/\/sobedrj.com.br\/novo\/wp-json\/wp\/v2\/posts"}],"about":[{"href":"https:\/\/sobedrj.com.br\/novo\/wp-json\/wp\/v2\/types\/post"}],"author":[{"embeddable":true,"href":"https:\/\/sobedrj.com.br\/novo\/wp-json\/wp\/v2\/users\/1"}],"replies":[{"embeddable":true,"href":"https:\/\/sobedrj.com.br\/novo\/wp-json\/wp\/v2\/comments?post=8363"}],"version-history":[{"count":1,"href":"https:\/\/sobedrj.com.br\/novo\/wp-json\/wp\/v2\/posts\/8363\/revisions"}],"predecessor-version":[{"id":8365,"href":"https:\/\/sobedrj.com.br\/novo\/wp-json\/wp\/v2\/posts\/8363\/revisions\/8365"}],"wp:attachment":[{"href":"https:\/\/sobedrj.com.br\/novo\/wp-json\/wp\/v2\/media?parent=8363"}],"wp:term":[{"taxonomy":"category","embeddable":true,"href":"https:\/\/sobedrj.com.br\/novo\/wp-json\/wp\/v2\/categories?post=8363"},{"taxonomy":"post_tag","embeddable":true,"href":"https:\/\/sobedrj.com.br\/novo\/wp-json\/wp\/v2\/tags?post=8363"}],"curies":[{"name":"wp","href":"https:\/\/api.w.org\/{rel}","templated":true}]}}