{"id":8385,"date":"2019-10-22T12:59:07","date_gmt":"2019-10-22T12:59:07","guid":{"rendered":"http:\/\/sobedrj.com.br\/novo\/?p=8385"},"modified":"2019-10-22T12:59:07","modified_gmt":"2019-10-22T12:59:07","slug":"uma-hecatombe-esta-prestes-a-ocorrer-na-medicina-brasileira","status":"publish","type":"post","link":"https:\/\/sobedrj.com.br\/novo\/2019\/10\/22\/uma-hecatombe-esta-prestes-a-ocorrer-na-medicina-brasileira\/","title":{"rendered":"Uma hecatombe est\u00e1 prestes a ocorrer na medicina brasileira"},"content":{"rendered":"<p>fonte: O Globo<\/p>\n<p>por<em>\u00a0Raphael C\u00e2mara Medeiros Parente (conselheiro Federal do CFM) e Sylvio Provenzano (presidente do Cremerj)<\/em><\/p>\n<p>A medicina n\u00e3o tem o que comemorar no dia do m\u00e9dico. O trabalho de destrui\u00e7\u00e3o da profiss\u00e3o por governos inescrupulosos com o objetivo de economizar e ganhar votos \u00e0s custas de mortes da popula\u00e7\u00e3o est\u00e1 prestes do desfecho. Houve sucess\u00e3o de medidas que foram nos minando: lei desfigurada do Ato M\u00e9dico que permitiu invas\u00e3o de outras profiss\u00f5es para baratear \u00e0s custas da seguran\u00e7a da popula\u00e7\u00e3o, destrui\u00e7\u00e3o da reputa\u00e7\u00e3o, abertura indiscriminada de faculdades de p\u00e9ssima qualidade atendendo a interesse eleitoreiro, programa Mais M\u00e9dicos que permitiu supostos m\u00e9dicos de Cuba e outros pa\u00edses sem avalia\u00e7\u00e3o e pauperiza\u00e7\u00e3o de condi\u00e7\u00f5es de trabalho e sal\u00e1rios.<\/p>\n<p>O tiro de morte est\u00e1 marcado para os pr\u00f3ximos dias usando a Medida Provis\u00f3ria (MP) 890\/19, que cria o programa M\u00e9dicos pelo Brasil. Sem entrar no m\u00e9rito que n\u00e3o foi a carreira de estado prometida pelo governo, vamos aos jabutis com emendas que descaracterizam a MP. O relat\u00f3rio apresentado pelo senador Conf\u00facio Moura (MDB-RO) \u00e9 uma colcha de retalhos que transformou a MP num Frankenstein, com potencial catacl\u00edsmico para a sa\u00fade da popula\u00e7\u00e3o pobre que depende do SUS e que em nada vai afetar a vida dos pol\u00edticos atendidos em hospitais de abastados inating\u00edveis para a plebe. Dentre as emendas, h\u00e1 previs\u00e3o de um processo muito mais simples para m\u00e9dicos formados fora, muitas vezes em faculdades que mais parecem casebres, para se tornarem m\u00e9dicos aqui ap\u00f3s se formarem fora; o chamado Revalida light. Tamb\u00e9m foram inclu\u00eddas formas de m\u00e9dicos de fora atuarem sem CRM no Brasil e cons\u00f3rcios para que estados e munic\u00edpios possam contratar m\u00e9dicos de Cuba. \u00c9 fundamental que a popula\u00e7\u00e3o pressione os parlamentares para impedir a aprova\u00e7\u00e3o desta MP da forma que est\u00e1. Muitos parlamentares est\u00e3o desinformados dos riscos da aprova\u00e7\u00e3o: genoc\u00eddio da popula\u00e7\u00e3o pobre com a inunda\u00e7\u00e3o de m\u00e9dicos sem qualquer capacidade de atender recebendo doentes graves nos hospitais e feridos nas estradas. N\u00e3o h\u00e1 dia e hora para acidentes. Nosso presidente foi salvo em hospital do SUS, ap\u00f3s ser esfaqueado, cuidado por m\u00e9dicos daqui. Com esta MP aprovada, ser\u00e3o m\u00e9dicos sem capacita\u00e7\u00e3o comprovada que os gestores para economizar v\u00e3o alocar. O CFM e o Cremerj se colocam \u00e0 disposi\u00e7\u00e3o para dialogar com os 594 parlamentares e explicar o motivo de sermos contra a aprova\u00e7\u00e3o da MP como est\u00e1. N\u00e3o \u00e9 por corporativismo ou reserva de mercado. \u00c9 por seguran\u00e7a da nossa popula\u00e7\u00e3o.<\/p>\n<p>A MP tamb\u00e9m prev\u00ea que a revalida\u00e7\u00e3o de diplomas seja feita em faculdade privada. Seria se permitir um balc\u00e3o de neg\u00f3cios j\u00e1 que muitas destas faculdades t\u00eam como \u00fanico objetivo o lucro, vide opera\u00e7\u00f5es recentes da PF prendendo gestores destas universidades que favoreciam a obten\u00e7\u00e3o de diplomas de estudantes de fora. A pr\u00f3pria suplente do senador Conf\u00facio Moura foi acusada pela AMB (Associa\u00e7\u00e3o M\u00e9dica Brasileira) de ter rela\u00e7\u00f5es com faculdade privada que faz curso de revalida\u00e7\u00e3o para m\u00e9dicos de fora, sendo esta not\u00edcia retirada do ar pela Justi\u00e7a. Tamb\u00e9m nos preocupa o forte apoio que Eduardo Bolsonaro d\u00e1 a emendas que facilitam o exerc\u00edcio da medicina por m\u00e9dicos formados fora, al\u00e9m de exibi\u00e7\u00f5es p\u00fablicas de amizades com l\u00edderes destas pessoas que podem estar influenciando suas decis\u00f5es. Esta atitude vai frontalmente contra as promessas de campanha emanadas de seu pai e ratificadas recentemente com dirigentes de sociedades m\u00e9dicas. Dentre as emendas, somente uma tem nosso apoio \u2014 a que trata da gratifica\u00e7\u00e3o de m\u00e9dico federal, classe que foi deixada de fora de negocia\u00e7\u00f5es pr\u00e9vias e convive com sal\u00e1rios depreciados.<\/p>\n<p>N\u00e3o podemos ficar calados e im\u00f3veis a poucos dias de a sa\u00fade brasileira poder entrar num fundo do po\u00e7o sem retorno. Quem fizer parte disso literalmente sujar\u00e1 as m\u00e3os de sangue. Sangue da popula\u00e7\u00e3o pobre.<\/p>\n","protected":false},"excerpt":{"rendered":"<p>fonte: O Globo por\u00a0Raphael C\u00e2mara Medeiros Parente (conselheiro Federal do CFM) e Sylvio Provenzano (presidente do Cremerj) A medicina n\u00e3o tem o que comemorar no dia do m\u00e9dico. O trabalho de destrui\u00e7\u00e3o da profiss\u00e3o por governos inescrupulosos com o objetivo de economizar e ganhar votos \u00e0s custas de mortes da popula\u00e7\u00e3o est\u00e1 prestes do desfecho. [&hellip;]<\/p>\n","protected":false},"author":1,"featured_media":0,"comment_status":"closed","ping_status":"open","sticky":false,"template":"","format":"standard","meta":{"ngg_post_thumbnail":0,"footnotes":""},"categories":[2],"tags":[],"class_list":["post-8385","post","type-post","status-publish","format-standard","hentry","category-noticias"],"aioseo_notices":[],"gutentor_comment":0,"_links":{"self":[{"href":"https:\/\/sobedrj.com.br\/novo\/wp-json\/wp\/v2\/posts\/8385","targetHints":{"allow":["GET"]}}],"collection":[{"href":"https:\/\/sobedrj.com.br\/novo\/wp-json\/wp\/v2\/posts"}],"about":[{"href":"https:\/\/sobedrj.com.br\/novo\/wp-json\/wp\/v2\/types\/post"}],"author":[{"embeddable":true,"href":"https:\/\/sobedrj.com.br\/novo\/wp-json\/wp\/v2\/users\/1"}],"replies":[{"embeddable":true,"href":"https:\/\/sobedrj.com.br\/novo\/wp-json\/wp\/v2\/comments?post=8385"}],"version-history":[{"count":1,"href":"https:\/\/sobedrj.com.br\/novo\/wp-json\/wp\/v2\/posts\/8385\/revisions"}],"predecessor-version":[{"id":8387,"href":"https:\/\/sobedrj.com.br\/novo\/wp-json\/wp\/v2\/posts\/8385\/revisions\/8387"}],"wp:attachment":[{"href":"https:\/\/sobedrj.com.br\/novo\/wp-json\/wp\/v2\/media?parent=8385"}],"wp:term":[{"taxonomy":"category","embeddable":true,"href":"https:\/\/sobedrj.com.br\/novo\/wp-json\/wp\/v2\/categories?post=8385"},{"taxonomy":"post_tag","embeddable":true,"href":"https:\/\/sobedrj.com.br\/novo\/wp-json\/wp\/v2\/tags?post=8385"}],"curies":[{"name":"wp","href":"https:\/\/api.w.org\/{rel}","templated":true}]}}