{"id":8408,"date":"2019-10-29T11:38:57","date_gmt":"2019-10-29T11:38:57","guid":{"rendered":"http:\/\/sobedrj.com.br\/novo\/?p=8408"},"modified":"2019-10-29T14:15:27","modified_gmt":"2019-10-29T14:15:27","slug":"vazamento-de-petroleo-no-nordeste-e-necessario-declarar-estado-de-emergencia-em-saude-publica","status":"publish","type":"post","link":"https:\/\/sobedrj.com.br\/novo\/2019\/10\/29\/vazamento-de-petroleo-no-nordeste-e-necessario-declarar-estado-de-emergencia-em-saude-publica\/","title":{"rendered":"Vazamento de petr\u00f3leo no Nordeste: \u00e9 necess\u00e1rio declarar Estado de Emerg\u00eancia em Sa\u00fade P\u00fablica"},"content":{"rendered":"<p>fonte: ABRASCO<\/p>\n<p>Diante da contamina\u00e7\u00e3o de petr\u00f3leo que atinge o litoral do Brasil desde agosto, e que j\u00e1 alcan\u00e7ou\u00a0<a href=\"https:\/\/oglobo.globo.com\/sociedade\/petroleo-que-atinge-mais-de-130-praias-do-nordeste-chega-bahia-1-23998553\">todos os estados da regi\u00e3o Nordeste<\/a>, a Associa\u00e7\u00e3o Brasileira de Sa\u00fade Coletiva vem a p\u00fablico endossar o posicionamento dos pesquisadores do Programa de P\u00f3s-Gradua\u00e7\u00e3o em Sa\u00fade, Ambiente e Trabalho da Universidade Federal da Bahia (PPGSAT\/UFBA), que recomenda \u00e0s autoridades a\u00a0<a href=\"https:\/\/www.abrasco.org.br\/site\/wp-content\/uploads\/2019\/10\/NOTA-DESASTRE-PETR%C3%93LEO-Emerg%C3%AAncia-em-Sa%C3%BAde-P%C3%BAblica.pdf\">declara\u00e7\u00e3o de Estado de Emerg\u00eancia em Sa\u00fade P\u00fablica.<\/a><\/p>\n<p>Em<a href=\"https:\/\/www.abrasco.org.br\/site\/wp-content\/uploads\/2019\/10\/NOTA-DESASTRE-PETR%C3%93LEO-Emerg%C3%AAncia-em-Sa%C3%BAde-P%C3%BAblica.pdf\">\u00a0nota<\/a>\u00a0os docentes afirmam que h\u00e1 s\u00e9rias amea\u00e7as para a sa\u00fade da popula\u00e7\u00e3o: os componentes qu\u00edmicos do petr\u00f3leo, como o benzeno, s\u00e3o cancer\u00edgenos e podem causar m\u00e1 forma\u00e7\u00e3o fetal e patologias graves. A contamina\u00e7\u00e3o se d\u00e1 atrav\u00e9s da ingest\u00e3o, absor\u00e7\u00e3o pela pele e inala\u00e7\u00e3o, e as subst\u00e2ncias t\u00f3xicas podem atingir sistemas nervoso, hematopoi\u00e9tico\/imunol\u00f3gico, respirat\u00f3rio, causar les\u00f5es na pele, altera\u00e7\u00f5es hep\u00e1ticas, hormonais, infertilidade, dentre outras consequ\u00eancias.<\/p>\n<p>Al\u00e9m dos banhistas, que entram em contato com a \u00e1gua sem prote\u00e7\u00e3o, os pesquisadores consideram que correm riscos os volunt\u00e1rios no processo de limpar as praias do \u00f3leo, quando n\u00e3o t\u00eam equipamentos adequados, e comunidades de pescadores artesanais, que obt\u00e9m da pesca e da mariscagem o sustento.<\/p>\n<p>Assim, prop\u00f5e-se que seja declarada a situa\u00e7\u00e3o de Emerg\u00eancia em Sa\u00fade P\u00fablica a fim de assegurar medidas urgentes, como atendimento aos trabalhadores que atuam nas praias e manguezais onde o petr\u00f3leo coloca em risco a atividade ocupacional de pesca e mariscagem; interdi\u00e7\u00e3o dos pontos contaminados; controle sanit\u00e1rio e de seguran\u00e7a alimentar e nutricional.<\/p>\n<p>O Programa de P\u00f3s-Gradua\u00e7\u00e3o em Sa\u00fade, Ambiente e Trabalho da Universidade Federal da Bahia \u00e9 associado institucional da Abrasco.<\/p>\n<p>A Abrasco segue acompanhando\u00a0os desdobramentos desse desastre e continuar\u00e1 exigindo das autoridades a\u00e7\u00f5es que visem a prote\u00e7\u00e3o do meio-ambiente de danos ainda maiores e o cuidado da sa\u00fade das popula\u00e7\u00f5es atingidas.<\/p>\n<p style=\"text-align: center;\">CONFIRA A NOTA COMPLETA<\/p>\n<p style=\"text-align: center;\"><img loading=\"lazy\" decoding=\"async\" class=\"aligncenter size-full wp-image-8411\" src=\"http:\/\/sobedrj.com.br\/novo\/wp-content\/uploads\/2019\/10\/NOTA-DESASTRE-PETR\u00d3LEO-Emerg\u00eancia-em-Sa\u00fade-P\u00fablica-1.jpg\" alt=\"\" width=\"1654\" height=\"2339\" srcset=\"https:\/\/sobedrj.com.br\/novo\/wp-content\/uploads\/2019\/10\/NOTA-DESASTRE-PETR\u00d3LEO-Emerg\u00eancia-em-Sa\u00fade-P\u00fablica-1.jpg 1654w, https:\/\/sobedrj.com.br\/novo\/wp-content\/uploads\/2019\/10\/NOTA-DESASTRE-PETR\u00d3LEO-Emerg\u00eancia-em-Sa\u00fade-P\u00fablica-1-212x300.jpg 212w, https:\/\/sobedrj.com.br\/novo\/wp-content\/uploads\/2019\/10\/NOTA-DESASTRE-PETR\u00d3LEO-Emerg\u00eancia-em-Sa\u00fade-P\u00fablica-1-768x1086.jpg 768w, https:\/\/sobedrj.com.br\/novo\/wp-content\/uploads\/2019\/10\/NOTA-DESASTRE-PETR\u00d3LEO-Emerg\u00eancia-em-Sa\u00fade-P\u00fablica-1-724x1024.jpg 724w, https:\/\/sobedrj.com.br\/novo\/wp-content\/uploads\/2019\/10\/NOTA-DESASTRE-PETR\u00d3LEO-Emerg\u00eancia-em-Sa\u00fade-P\u00fablica-1-600x848.jpg 600w, https:\/\/sobedrj.com.br\/novo\/wp-content\/uploads\/2019\/10\/NOTA-DESASTRE-PETR\u00d3LEO-Emerg\u00eancia-em-Sa\u00fade-P\u00fablica-1-849x1200.jpg 849w\" sizes=\"auto, (max-width: 1654px) 100vw, 1654px\" \/><\/p>\n<p style=\"text-align: center;\"><img loading=\"lazy\" decoding=\"async\" class=\"aligncenter size-full wp-image-8411\" src=\"http:\/\/sobedrj.com.br\/novo\/wp-content\/uploads\/2019\/10\/NOTA-DESASTRE-PETR\u00d3LEO-Emerg\u00eancia-em-Sa\u00fade-P\u00fablica-2.jpg\" alt=\"\" width=\"1654\" height=\"2339\" \/><\/p>\n<p style=\"text-align: center;\"><img loading=\"lazy\" decoding=\"async\" class=\"aligncenter size-full wp-image-8411\" src=\"http:\/\/sobedrj.com.br\/novo\/wp-content\/uploads\/2019\/10\/NOTA-DESASTRE-PETR\u00d3LEO-Emerg\u00eancia-em-Sa\u00fade-P\u00fablica-3.jpg\" alt=\"\" width=\"1654\" height=\"2339\" \/><\/p>\n","protected":false},"excerpt":{"rendered":"<p>fonte: ABRASCO Diante da contamina\u00e7\u00e3o de petr\u00f3leo que atinge o litoral do Brasil desde agosto, e que j\u00e1 alcan\u00e7ou\u00a0todos os estados da regi\u00e3o Nordeste, a Associa\u00e7\u00e3o Brasileira de Sa\u00fade Coletiva vem a p\u00fablico endossar o posicionamento dos pesquisadores do Programa de P\u00f3s-Gradua\u00e7\u00e3o em Sa\u00fade, Ambiente e Trabalho da Universidade Federal da Bahia (PPGSAT\/UFBA), que recomenda [&hellip;]<\/p>\n","protected":false},"author":1,"featured_media":0,"comment_status":"closed","ping_status":"open","sticky":false,"template":"","format":"standard","meta":{"ngg_post_thumbnail":0,"footnotes":""},"categories":[2],"tags":[],"class_list":["post-8408","post","type-post","status-publish","format-standard","hentry","category-noticias"],"aioseo_notices":[],"gutentor_comment":0,"_links":{"self":[{"href":"https:\/\/sobedrj.com.br\/novo\/wp-json\/wp\/v2\/posts\/8408","targetHints":{"allow":["GET"]}}],"collection":[{"href":"https:\/\/sobedrj.com.br\/novo\/wp-json\/wp\/v2\/posts"}],"about":[{"href":"https:\/\/sobedrj.com.br\/novo\/wp-json\/wp\/v2\/types\/post"}],"author":[{"embeddable":true,"href":"https:\/\/sobedrj.com.br\/novo\/wp-json\/wp\/v2\/users\/1"}],"replies":[{"embeddable":true,"href":"https:\/\/sobedrj.com.br\/novo\/wp-json\/wp\/v2\/comments?post=8408"}],"version-history":[{"count":1,"href":"https:\/\/sobedrj.com.br\/novo\/wp-json\/wp\/v2\/posts\/8408\/revisions"}],"predecessor-version":[{"id":8414,"href":"https:\/\/sobedrj.com.br\/novo\/wp-json\/wp\/v2\/posts\/8408\/revisions\/8414"}],"wp:attachment":[{"href":"https:\/\/sobedrj.com.br\/novo\/wp-json\/wp\/v2\/media?parent=8408"}],"wp:term":[{"taxonomy":"category","embeddable":true,"href":"https:\/\/sobedrj.com.br\/novo\/wp-json\/wp\/v2\/categories?post=8408"},{"taxonomy":"post_tag","embeddable":true,"href":"https:\/\/sobedrj.com.br\/novo\/wp-json\/wp\/v2\/tags?post=8408"}],"curies":[{"name":"wp","href":"https:\/\/api.w.org\/{rel}","templated":true}]}}