{"id":8507,"date":"2019-11-12T10:04:10","date_gmt":"2019-11-12T10:04:10","guid":{"rendered":"http:\/\/sobedrj.com.br\/novo\/?p=8507"},"modified":"2019-11-12T10:04:10","modified_gmt":"2019-11-12T10:04:10","slug":"xviii-sbad-inscricoes-para-cursos-de-oficina-de-balao-e-endosuturas-podem-ser-feitas-ate-segunda-feira","status":"publish","type":"post","link":"https:\/\/sobedrj.com.br\/novo\/2019\/11\/12\/xviii-sbad-inscricoes-para-cursos-de-oficina-de-balao-e-endosuturas-podem-ser-feitas-ate-segunda-feira\/","title":{"rendered":"XVIII SBAD: inscri\u00e7\u00f5es para cursos de Oficina de Bal\u00e3o e Endosuturas podem ser feitas at\u00e9 segunda-feira"},"content":{"rendered":"<p>A 18\u00aa edi\u00e7\u00e3o da Semana Brasileira do Aparelho Digestivo est\u00e1 chegando. O evento ocorre de 23 a 26 de novembro (s\u00e1bado a ter\u00e7a-feira), em Fortaleza, e contar\u00e1 com dois cursos pr\u00e9-congresso:<\/p>\n<p><strong>OFICINA DE BAL\u00c3O INTRAG\u00c1STRICO<\/strong><\/p>\n<p>Ser\u00e1 realizada no dia 22 (sexta-feira) no\u00a0Hospital Walter Cant\u00eddio. A taxa de inscri\u00e7\u00e3o \u00e9 de R$ 1.900 para associados quites da SOBED e R$ 2.500 para n\u00e3o s\u00f3cios.<\/p>\n<p><a href=\"https:\/\/sobed.actfly.top\/wp-content\/uploads\/2019\/10\/PROGRAMA-OFICIANA-DE-BAlA%CC%83O-INTRAGA%CC%81STRICO-SBAD-2019-%E2%80%93-SOBED.pdf\" target=\"_blank\" rel=\"noopener\">CONFIRA A PROGRAMA\u00c7\u00c3O<\/a><\/p>\n<p><a href=\"https:\/\/www.sobed.org.br\/eventos-e-cursos\/oficina-de-balao-intragastrico-sbad\/\" target=\"_blank\" rel=\"noopener\">FA\u00c7A SUA INSCRI\u00c7\u00c3O<\/a><\/p>\n<p><strong>ENDOSUTURA G\u00c1STRICA<\/strong><\/p>\n<p>Ocorre no dia 24 (segunda-feira) na\u00a0Universidade de Fortaleza (UNIFOR). A taxa de inscri\u00e7\u00e3o \u00e9 de R$ 2.100 para associados quites da SOBED e R$ 3.200 para n\u00e3o s\u00f3cios.<\/p>\n<p><a href=\"https:\/\/sobed.actfly.top\/wp-content\/uploads\/2019\/11\/PROGRAMA-SUTURA-SITE.pdf\" target=\"_blank\" rel=\"noopener\">CONFIRA A PROGRAMA\u00c7\u00c3O<\/a><\/p>\n<p><a href=\"https:\/\/www.sobed.org.br\/eventos-e-cursos\/endosutura-gastrica\/\" target=\"_blank\" rel=\"noopener\">FA\u00c7A SUA INSCRI\u00c7\u00c3O<\/a><\/p>\n","protected":false},"excerpt":{"rendered":"<p>A 18\u00aa edi\u00e7\u00e3o da Semana Brasileira do Aparelho Digestivo est\u00e1 chegando. O evento ocorre de 23 a 26 de novembro (s\u00e1bado a ter\u00e7a-feira), em Fortaleza, e contar\u00e1 com dois cursos pr\u00e9-congresso: OFICINA DE BAL\u00c3O INTRAG\u00c1STRICO Ser\u00e1 realizada no dia 22 (sexta-feira) no\u00a0Hospital Walter Cant\u00eddio. A taxa de inscri\u00e7\u00e3o \u00e9 de R$ 1.900 para associados quites [&hellip;]<\/p>\n","protected":false},"author":1,"featured_media":8509,"comment_status":"closed","ping_status":"open","sticky":false,"template":"","format":"standard","meta":{"ngg_post_thumbnail":0,"footnotes":""},"categories":[2],"tags":[],"class_list":["post-8507","post","type-post","status-publish","format-standard","has-post-thumbnail","hentry","category-noticias"],"aioseo_notices":[],"gutentor_comment":0,"_links":{"self":[{"href":"https:\/\/sobedrj.com.br\/novo\/wp-json\/wp\/v2\/posts\/8507","targetHints":{"allow":["GET"]}}],"collection":[{"href":"https:\/\/sobedrj.com.br\/novo\/wp-json\/wp\/v2\/posts"}],"about":[{"href":"https:\/\/sobedrj.com.br\/novo\/wp-json\/wp\/v2\/types\/post"}],"author":[{"embeddable":true,"href":"https:\/\/sobedrj.com.br\/novo\/wp-json\/wp\/v2\/users\/1"}],"replies":[{"embeddable":true,"href":"https:\/\/sobedrj.com.br\/novo\/wp-json\/wp\/v2\/comments?post=8507"}],"version-history":[{"count":1,"href":"https:\/\/sobedrj.com.br\/novo\/wp-json\/wp\/v2\/posts\/8507\/revisions"}],"predecessor-version":[{"id":8510,"href":"https:\/\/sobedrj.com.br\/novo\/wp-json\/wp\/v2\/posts\/8507\/revisions\/8510"}],"wp:featuredmedia":[{"embeddable":true,"href":"https:\/\/sobedrj.com.br\/novo\/wp-json\/wp\/v2\/media\/8509"}],"wp:attachment":[{"href":"https:\/\/sobedrj.com.br\/novo\/wp-json\/wp\/v2\/media?parent=8507"}],"wp:term":[{"taxonomy":"category","embeddable":true,"href":"https:\/\/sobedrj.com.br\/novo\/wp-json\/wp\/v2\/categories?post=8507"},{"taxonomy":"post_tag","embeddable":true,"href":"https:\/\/sobedrj.com.br\/novo\/wp-json\/wp\/v2\/tags?post=8507"}],"curies":[{"name":"wp","href":"https:\/\/api.w.org\/{rel}","templated":true}]}}