{"id":8832,"date":"2020-01-29T10:20:18","date_gmt":"2020-01-29T10:20:18","guid":{"rendered":"http:\/\/sobedrj.com.br\/novo\/?p=8832"},"modified":"2020-02-10T20:14:20","modified_gmt":"2020-02-10T20:14:20","slug":"artigo-ares-aguas-e-lugares","status":"publish","type":"post","link":"https:\/\/sobedrj.com.br\/novo\/2020\/01\/29\/artigo-ares-aguas-e-lugares\/","title":{"rendered":"ARTIGO: Ares, \u00e1guas e lugares"},"content":{"rendered":"<p>fonte: O Globo<\/p>\n<p>por L\u00edgia Bahia, m\u00e9dica da UFRJ<\/p>\n<p data-bind=\"text: $data\">Florestas queimadas, contamina\u00e7\u00e3o da \u00e1gua e pessoas dormindo debaixo de marquises causam doen\u00e7as que podem ser prevenidas. Desde o s\u00e9culo V a.C., os escritos hipocr\u00e1ticos distinguiram ci\u00eancia de religi\u00e3o e admitiram possibilidades de evitar elementos ambientais nocivos. O progn\u00f3stico, uma das principais conquistas da tradi\u00e7\u00e3o hipocr\u00e1tica, baseia-se na compreens\u00e3o dos encadeamentos e rupturas entre passado, presente e futuro, que tamb\u00e9m fundamentam os ideais da P\u00f3lis sem tirania. Uma compreens\u00e3o abrangente da sa\u00fade permitiu prever, predizer e buscar alterar desfechos negativos.<\/p>\n<p data-bind=\"text: $data\">S\u00e9culos depois, a experi\u00eancia com a p\u00e9ssima qualidade da \u00e1gua no Rio de Janeiro dispensa o debate grego sobre as causas naturais ou religiosas das patologias. Qualquer pessoa de bom senso intui que as caracter\u00edsticas predat\u00f3rias das rela\u00e7\u00f5es humanas e o extrativismo voraz dos recursos da natureza s\u00e3o respons\u00e1veis pela piora das condi\u00e7\u00f5es de vida.<\/p>\n<p data-bind=\"text: $data\">\u00c1gua pot\u00e1vel \u00e9 um requisito para vida e fator-chave para a sa\u00fade. As crian\u00e7as s\u00e3o particularmente vulner\u00e1veis aos efeitos da \u00e1gua insegura. Diarreias e exposi\u00e7\u00e3o a poluentes inorg\u00e2nicos, como ars\u00eanico, cobre, fluoreto, chumbo e nitrato, podem comprometer o desenvolvimento infantil. Existe algum consenso sobre o diagn\u00f3stico. O desafio \u00e9 passar da constata\u00e7\u00e3o sobre o meio ambiente mals\u00e3o e acusa\u00e7\u00f5es entre governantes para o progn\u00f3stico. O que ocorrer\u00e1, caso essas tend\u00eancias n\u00e3o sejam alteradas? Quais s\u00e3o as melhores estrat\u00e9gias para evitar mais danos \u00e0 sa\u00fade? A geosmina tem mau cheiro, mas a causa da prolifera\u00e7\u00e3o deste composto org\u00e2nico produzido por bact\u00e9rias \u00e9 a morte de rios pelo manejo inadequado de dejetos. Saber a origem do fedor da \u00e1gua e que o carv\u00e3o ativado o atenua \u00e9 importante, por\u00e9m insuficiente para influenciar um progn\u00f3stico favor\u00e1vel sobre o acesso \u00e0 \u00e1gua pot\u00e1vel de boa qualidade.<\/p>\n<p data-bind=\"text: $data\">Pesquisadores afirmam que a melhor solu\u00e7\u00e3o seria a despolui\u00e7\u00e3o dos rios. Mas o governo estadual atacou, como se fosse um grande feito, apenas um dos sintomas do problema. Decidiu importar equipamento de S\u00e3o Paulo e carv\u00e3o do Paran\u00e1 para fornecer \u00e1gua inodora e anunciou a proposta de desviar o curso de rios. N\u00e3o haver\u00e1 mudan\u00e7a nos padr\u00f5es de desigualdade do acesso \u00e0 \u00e1gua e saneamento e na introdu\u00e7\u00e3o de subst\u00e2ncias e res\u00edduos em aqu\u00edferos, que tornam grandes quantidades de \u00e1gua inadequadas para v\u00e1rios usos.<\/p>\n<p data-bind=\"text: $data\">Seria como se nos content\u00e1ssemos em saber que o coronav\u00edrus do surto de Wuhan \u00e9 novo e diferente do que causa SARS (S\u00edndrome Respirat\u00f3ria Aguda Grave), e n\u00e3o houvesse preocupa\u00e7\u00e3o com a letalidade, velocidade de cont\u00e1gio, espalhamento dos novos casos e com as estrat\u00e9gias globais de preven\u00e7\u00e3o e tratamento. Quando a aten\u00e7\u00e3o se desloca da popula\u00e7\u00e3o sob risco para os pat\u00f3genos, para os microrganismos, o progn\u00f3stico \u00e9 deixado para segundo plano.<\/p>\n<p data-bind=\"text: $data\">Outra rota de fuga de solu\u00e7\u00f5es mais efetivas para os problemas ambientais se expressa na confus\u00e3o entre fatos e valores. A \u00e1gua \u00e9 considerada por institui\u00e7\u00f5es internacionais de distintos matizes ideol\u00f3gicos como um bem comum; deveria, portanto, ter uma distribui\u00e7\u00e3o equ\u00e2nime. Houve melhoria do acesso \u00e0 \u00e1gua no Brasil e estagna\u00e7\u00e3o dos servi\u00e7os b\u00e1sicos de saneamento. Sob a discuss\u00e3o sempre v\u00e1lida, a respeito da estatiza\u00e7\u00e3o ou privatiza\u00e7\u00e3o das empresas estaduais de \u00e1gua e saneamento, cresce a hiper apropria\u00e7\u00e3o privativa da \u00e1gua. O fato \u00e9 que a \u00e1gua \u00e9 comercializada por caminh\u00f5es-pipa e empresas que a engarrafam.<\/p>\n<p data-bind=\"text: $data\">O afastamento de atitudes hipocr\u00e1ticas, especialmente omiss\u00e3o de progn\u00f3sticos, estimula previs\u00f5es simplificadoras. As considera\u00e7\u00f5es sobre as mudan\u00e7as dos fatores que determinam os problemas ao longo do tempo e seus resultados din\u00e2micos requerem o compartilhamento de informa\u00e7\u00f5es preditivas e reavalia\u00e7\u00f5es peri\u00f3dicas. O famoso tratado hipocr\u00e1tico \u201cAres, \u00e1guas e lugares\u201d continua atual porque estimula a ado\u00e7\u00e3o de processos decis\u00f3rios coletivos e democr\u00e1ticos e questiona a convers\u00e3o da abund\u00e2ncia de recursos naturais em escassez e doen\u00e7as.<\/p>\n<p data-bind=\"text: $data\">Causa da prolifera\u00e7\u00e3o da geosmina \u00e9 a morte de rios pelo manejo inadequado de dejetos.<\/p>\n","protected":false},"excerpt":{"rendered":"<p>fonte: O Globo por L\u00edgia Bahia, m\u00e9dica da UFRJ Florestas queimadas, contamina\u00e7\u00e3o da \u00e1gua e pessoas dormindo debaixo de marquises causam doen\u00e7as que podem ser prevenidas. Desde o s\u00e9culo V a.C., os escritos hipocr\u00e1ticos distinguiram ci\u00eancia de religi\u00e3o e admitiram possibilidades de evitar elementos ambientais nocivos. O progn\u00f3stico, uma das principais conquistas da tradi\u00e7\u00e3o hipocr\u00e1tica, [&hellip;]<\/p>\n","protected":false},"author":1,"featured_media":0,"comment_status":"closed","ping_status":"open","sticky":false,"template":"","format":"standard","meta":{"ngg_post_thumbnail":0,"footnotes":""},"categories":[2],"tags":[],"class_list":["post-8832","post","type-post","status-publish","format-standard","hentry","category-noticias"],"aioseo_notices":[],"gutentor_comment":0,"_links":{"self":[{"href":"https:\/\/sobedrj.com.br\/novo\/wp-json\/wp\/v2\/posts\/8832","targetHints":{"allow":["GET"]}}],"collection":[{"href":"https:\/\/sobedrj.com.br\/novo\/wp-json\/wp\/v2\/posts"}],"about":[{"href":"https:\/\/sobedrj.com.br\/novo\/wp-json\/wp\/v2\/types\/post"}],"author":[{"embeddable":true,"href":"https:\/\/sobedrj.com.br\/novo\/wp-json\/wp\/v2\/users\/1"}],"replies":[{"embeddable":true,"href":"https:\/\/sobedrj.com.br\/novo\/wp-json\/wp\/v2\/comments?post=8832"}],"version-history":[{"count":1,"href":"https:\/\/sobedrj.com.br\/novo\/wp-json\/wp\/v2\/posts\/8832\/revisions"}],"predecessor-version":[{"id":8834,"href":"https:\/\/sobedrj.com.br\/novo\/wp-json\/wp\/v2\/posts\/8832\/revisions\/8834"}],"wp:attachment":[{"href":"https:\/\/sobedrj.com.br\/novo\/wp-json\/wp\/v2\/media?parent=8832"}],"wp:term":[{"taxonomy":"category","embeddable":true,"href":"https:\/\/sobedrj.com.br\/novo\/wp-json\/wp\/v2\/categories?post=8832"},{"taxonomy":"post_tag","embeddable":true,"href":"https:\/\/sobedrj.com.br\/novo\/wp-json\/wp\/v2\/tags?post=8832"}],"curies":[{"name":"wp","href":"https:\/\/api.w.org\/{rel}","templated":true}]}}